{"id":28677,"date":"2025-06-01T18:41:49","date_gmt":"2025-06-01T21:41:49","guid":{"rendered":"https:\/\/www.saloanoticias.com\/v1\/?p=28677"},"modified":"2025-06-01T18:42:56","modified_gmt":"2025-06-01T21:42:56","slug":"vereador-manoel-de-arthur-comemora-aniversario-ao-lado-da-comunidade-de-saloa","status":"publish","type":"post","link":"https:\/\/www.saloanoticias.com\/v1\/vereador-manoel-de-arthur-comemora-aniversario-ao-lado-da-comunidade-de-saloa\/","title":{"rendered":"Vereador Manoel de Arthur comemora anivers\u00e1rio ao lado da comunidade de Salo\u00e1"},"content":{"rendered":"\n<p>O vereador Manoel de Arthur celebrou neste domingo (1) mais um ano de vida. Natural de Salo\u00e1, Manoel de Arthur \u00e9 conhecido por sua atua\u00e7\u00e3o pr\u00f3xima \u00e0 popula\u00e7\u00e3o, com foco em \u00e1reas como agricultura, educa\u00e7\u00e3o e infraestrutura.<\/p>\n\n\n\n<p>Seu anivers\u00e1rio foi celebrado n\u00e3o apenas como uma data pessoal, mas como um reconhecimento ao seu trabalho cont\u00ednuo em prol da comunidade. Nas redes sociais, a data repercutiu entre os saloaenses, que enviaram mensagens de felicita\u00e7\u00f5es e reconhecimento.<br><br><br><\/p>\n<div style=\"margin-top: 0px; margin-bottom: 0px;\" class=\"sharethis-inline-share-buttons\" ><\/div>","protected":false},"excerpt":{"rendered":"<p>O vereador Manoel de Arthur celebrou neste domingo (1) mais um ano de vida. Natural de Salo\u00e1, Manoel de Arthur \u00e9 conhecido por sua atua\u00e7\u00e3o pr\u00f3xima \u00e0 popula\u00e7\u00e3o, com foco em \u00e1reas como agricultura, educa\u00e7\u00e3o e infraestrutura. Seu anivers\u00e1rio foi celebrado n\u00e3o apenas como uma data pessoal, mas como um reconhecimento ao seu trabalho cont\u00ednuo [&hellip;]<\/p>\n","protected":false},"author":1,"featured_media":28678,"comment_status":"closed","ping_status":"closed","sticky":false,"template":"","format":"standard","meta":{"footnotes":""},"categories":[21],"tags":[22],"class_list":["post-28677","post","type-post","status-publish","format-standard","has-post-thumbnail","hentry","category-cidade","tag-destaques"],"_links":{"self":[{"href":"https:\/\/www.saloanoticias.com\/v1\/wp-json\/wp\/v2\/posts\/28677","targetHints":{"allow":["GET"]}}],"collection":[{"href":"https:\/\/www.saloanoticias.com\/v1\/wp-json\/wp\/v2\/posts"}],"about":[{"href":"https:\/\/www.saloanoticias.com\/v1\/wp-json\/wp\/v2\/types\/post"}],"author":[{"embeddable":true,"href":"https:\/\/www.saloanoticias.com\/v1\/wp-json\/wp\/v2\/users\/1"}],"replies":[{"embeddable":true,"href":"https:\/\/www.saloanoticias.com\/v1\/wp-json\/wp\/v2\/comments?post=28677"}],"version-history":[{"count":2,"href":"https:\/\/www.saloanoticias.com\/v1\/wp-json\/wp\/v2\/posts\/28677\/revisions"}],"predecessor-version":[{"id":28680,"href":"https:\/\/www.saloanoticias.com\/v1\/wp-json\/wp\/v2\/posts\/28677\/revisions\/28680"}],"wp:featuredmedia":[{"embeddable":true,"href":"https:\/\/www.saloanoticias.com\/v1\/wp-json\/wp\/v2\/media\/28678"}],"wp:attachment":[{"href":"https:\/\/www.saloanoticias.com\/v1\/wp-json\/wp\/v2\/media?parent=28677"}],"wp:term":[{"taxonomy":"category","embeddable":true,"href":"https:\/\/www.saloanoticias.com\/v1\/wp-json\/wp\/v2\/categories?post=28677"},{"taxonomy":"post_tag","embeddable":true,"href":"https:\/\/www.saloanoticias.com\/v1\/wp-json\/wp\/v2\/tags?post=28677"}],"curies":[{"name":"wp","href":"https:\/\/api.w.org\/{rel}","templated":true}]}}