{"id":2867,"date":"2016-08-29T14:00:00","date_gmt":"2016-08-29T14:00:00","guid":{"rendered":"https:\/\/saloanoticias.mrmediaweb.com\/v1\/2016\/08\/29\/veiculo-invade-templo-central-da-assembleia-de-deus-em-garanhuns\/"},"modified":"2016-08-29T14:00:00","modified_gmt":"2016-08-29T14:00:00","slug":"veiculo-invade-templo-central-da-assembleia-de-deus-em-garanhuns","status":"publish","type":"post","link":"https:\/\/www.saloanoticias.com\/v1\/veiculo-invade-templo-central-da-assembleia-de-deus-em-garanhuns\/","title":{"rendered":"CARRO DESGOVERNADO INVADE O \u201cTEMPLO CENTRAL DA IGR. ASSEMBLEIA DE DEUS\u201d NA BAR\u00c3O DO RIO BRANCO EM GARANHUNS"},"content":{"rendered":"<p align=\"justify\"><font size=\"3\" face=\"Arial\"><a href=\"http:\/\/www.saloanoticias.com\/images\/14040175_624943347667798_8514395372883999960_n_f35f4cc015d999c0a945a809f9c6a271.jpg\"><img loading=\"lazy\" decoding=\"async\" title=\"14040175_624943347667798_8514395372883999960_n\" style=\"border-top: 0px; border-right: 0px; background-image: none; border-bottom: 0px; float: none; padding-top: 0px; padding-left: 0px; margin: 0px auto 10px; border-left: 0px; display: block; padding-right: 0px\" border=\"0\" alt=\"14040175_624943347667798_8514395372883999960_n\" src=\"http:\/\/www.saloanoticias.com\/v1\/wp-content\/uploads\/imagens\/14040175_624943347667798_8514395372883999960_n_thumb_969665d8b50f3bb33bd0924f62aad7c9.jpg\" width=\"1434\" height=\"860\"><\/a>O Condutor de um ve\u00edculo Astra, de cor prata, transitava pela rua Dantas Barreto, no centro de Garanhuns, quando perdeu o controle do autom\u00f3vel e invadiu o Templo Central da Igreja Assembleia de Deus, localizado na Avenida Bar\u00e3o do Rio Branco, tamb\u00e9m no Centro de Garanhuns. <\/font><font face=\"Arial\"><font size=\"3\">De acordo com informa\u00e7\u00f5es preliminares, o acidente foi registrado por volta das 3h da madrugada deste domingo, dia 28, e como n\u00e3o haviam pessoas no interior do Templo, apenas danos materiais foram registrados.<\/font><\/font><\/p>\n<p align=\"justify\"><font face=\"Arial\"><font size=\"3\">A Pol\u00edcia Militar foi acionada e registrou a ocorr\u00eancia. O vendedor Jos\u00e9 Marcelo Ferreira de Lima, de 29 anos, conduzia o ve\u00edculo no momento do acidente. Ele foi conduzido a 18\u00aa DESEC. Com a colis\u00e3o, uma das portas da Igreja foi quebrada e alguns bancos do templo Evang\u00e9lico tamb\u00e9m ficaram danificados. J\u00e1 o Ve\u00edculo teve a sua parte frontal totalmente destru\u00edda. <b><font size=\"2\">(Com informa\u00e7\u00f5es do Blog do Carlos Eug\u00eanio e imagens de Felipe Nascimento e<\/font><a href=\"http:\/\/www.agresteemalerta.com.br\"><font size=\"2\">www.agresteemalerta.com.br<\/font><\/a><font size=\"2\">)<\/font><\/b><\/font><\/font><\/p>\n<div style=\"margin-top: 0px; margin-bottom: 0px;\" class=\"sharethis-inline-share-buttons\" ><\/div>","protected":false},"excerpt":{"rendered":"<p>O Condutor de um ve\u00edculo Astra, de cor prata, transitava pela rua Dantas Barreto, no centro de Garanhuns, quando perdeu o controle do autom\u00f3vel e invadiu o Templo Central da Igreja Assembleia de Deus, localizado na Avenida Bar\u00e3o do Rio Branco, tamb\u00e9m no Centro de Garanhuns. De acordo com informa\u00e7\u00f5es preliminares, o acidente foi registrado [&hellip;]<\/p>\n","protected":false},"author":1,"featured_media":0,"comment_status":"open","ping_status":"open","sticky":false,"template":"","format":"standard","meta":{"footnotes":""},"categories":[2],"tags":[],"class_list":["post-2867","post","type-post","status-publish","format-standard","hentry","category-noticias-do-dia"],"_links":{"self":[{"href":"https:\/\/www.saloanoticias.com\/v1\/wp-json\/wp\/v2\/posts\/2867","targetHints":{"allow":["GET"]}}],"collection":[{"href":"https:\/\/www.saloanoticias.com\/v1\/wp-json\/wp\/v2\/posts"}],"about":[{"href":"https:\/\/www.saloanoticias.com\/v1\/wp-json\/wp\/v2\/types\/post"}],"author":[{"embeddable":true,"href":"https:\/\/www.saloanoticias.com\/v1\/wp-json\/wp\/v2\/users\/1"}],"replies":[{"embeddable":true,"href":"https:\/\/www.saloanoticias.com\/v1\/wp-json\/wp\/v2\/comments?post=2867"}],"version-history":[{"count":0,"href":"https:\/\/www.saloanoticias.com\/v1\/wp-json\/wp\/v2\/posts\/2867\/revisions"}],"wp:attachment":[{"href":"https:\/\/www.saloanoticias.com\/v1\/wp-json\/wp\/v2\/media?parent=2867"}],"wp:term":[{"taxonomy":"category","embeddable":true,"href":"https:\/\/www.saloanoticias.com\/v1\/wp-json\/wp\/v2\/categories?post=2867"},{"taxonomy":"post_tag","embeddable":true,"href":"https:\/\/www.saloanoticias.com\/v1\/wp-json\/wp\/v2\/tags?post=2867"}],"curies":[{"name":"wp","href":"https:\/\/api.w.org\/{rel}","templated":true}]}}