{"id":2866,"date":"2016-08-28T14:00:00","date_gmt":"2016-08-28T14:00:00","guid":{"rendered":"https:\/\/saloanoticias.mrmediaweb.com\/v1\/2016\/08\/28\/inauguracao-do-comite-do-15-leva-mais-de-5-mil-as-ruas\/"},"modified":"2016-08-28T14:00:00","modified_gmt":"2016-08-28T14:00:00","slug":"inauguracao-do-comite-do-15-leva-mais-de-5-mil-as-ruas","status":"publish","type":"post","link":"https:\/\/www.saloanoticias.com\/v1\/inauguracao-do-comite-do-15-leva-mais-de-5-mil-as-ruas\/","title":{"rendered":"INAUGURA\u00c7\u00c3O DO COMIT\u00ca DO 15 LEVA MAIS DE 5 MIL \u00c0S RUAS DE SALO\u00c1\/PE"},"content":{"rendered":"<p align=\"justify\"><font size=\"3\" face=\"Arial\"><a href=\"http:\/\/www.saloanoticias.com\/images\/dsc_2353.jpg\"><img loading=\"lazy\" decoding=\"async\" title=\"DSC_2353\" style=\"border-top: 0px; border-right: 0px; background-image: none; border-bottom: 0px; float: none; padding-top: 0px; padding-left: 0px; margin: 0px auto 10px; border-left: 0px; display: block; padding-right: 0px\" border=\"0\" alt=\"DSC_2353\" src=\"http:\/\/www.saloanoticias.com\/v1\/wp-content\/uploads\/imagens\/dsc_2353_thumb.jpg\" width=\"1427\" height=\"945\"><\/a>Aconteceu na noite deste s\u00e1bado, dia 26 de agosto, a t\u00e3o esperada inaugura\u00e7\u00e3o do Comit\u00ea Central de Campanha do Grupo \u201cCaf\u00e9 com Leite\u201d da cidade de Salo\u00e1\/PE. Resumidamente, podemos dizer que foi um grande evento que ficar\u00e1 marcado como sendo umas das maiores concentra\u00e7\u00f5es pol\u00edticas j\u00e1 vistas no munic\u00edpio. A multid\u00e3o come\u00e7ou a se concentrar na Rua Senador Paulo Guerra, nas proximidades da COMPESA, e de l\u00e1, se deslocou at\u00e9 a pra\u00e7a S\u00e3o Vicente, local onde fica o comit\u00ea.<\/font><\/p>\n<p align=\"justify\"><a href=\"http:\/\/www.saloanoticias.com\/images\/dsc_2373.jpg\"><img loading=\"lazy\" decoding=\"async\" title=\"DSC_2373\" style=\"border-top: 0px; border-right: 0px; background-image: none; border-bottom: 0px; float: none; padding-top: 0px; padding-left: 0px; margin-left: auto; border-left: 0px; display: block; padding-right: 0px; margin-right: auto\" border=\"0\" alt=\"DSC_2373\" src=\"http:\/\/www.saloanoticias.com\/v1\/wp-content\/uploads\/imagens\/dsc_2373_thumb.jpg\" width=\"1422\" height=\"942\"><\/a><\/p>\n<p align=\"justify\"><font size=\"3\" face=\"Arial\">A caminhada se tornou em um grande arrast\u00e3o que levava todos os candidatos da chapa majorit\u00e1ria e proporcional at\u00e9 o centro. Um dos momentos mais marcantes foi a chegada da candidata a vice, Socorro do Leite, que foi ovacionada pelos correligion\u00e1rios que gritavam seu nome em alto som. J\u00e1 no comit\u00ea a faixa de inaugura\u00e7\u00e3o foi rompida e muitos foram os aplausos do p\u00fablico. O locutor Joel Silva pediu um minuto de sil\u00eancio em respeito a mem\u00f3ria de Jos\u00e9 Ant\u00f4nio do Leite.<\/font><\/p>\n<p align=\"justify\"><a href=\"http:\/\/www.saloanoticias.com\/images\/dsc_2382.jpg\"><img loading=\"lazy\" decoding=\"async\" title=\"DSC_2382\" style=\"border-top: 0px; border-right: 0px; background-image: none; border-bottom: 0px; float: none; padding-top: 0px; padding-left: 0px; margin-left: auto; border-left: 0px; display: block; padding-right: 0px; margin-right: auto\" border=\"0\" alt=\"DSC_2382\" src=\"http:\/\/www.saloanoticias.com\/v1\/wp-content\/uploads\/imagens\/dsc_2382_thumb.jpg\" width=\"1426\" height=\"750\"><\/a><\/p>\n<p align=\"justify\"><font size=\"3\" face=\"Arial\">O deputado Marcoant\u00f4nio Dourado que esteve presente, discursou ainda na frente do comit\u00ea e desejou boa sorte a chapa comandada por Ricardo e Socorro. Os candidatos a vereadores tamb\u00e9m falaram e por fim, Ricardo usou da palavra. O discurso do prefeito foi r\u00e1pido, por\u00e9m, muito incisivo em cr\u00edticas feitas contra a gest\u00e3o anterior, de Gilvan Pereira. No final, ele agradeceu a presen\u00e7a de todos e se disse bastante satisfeito com a quantidade de pessoas que foram prestigiar o evento.<\/font><\/p>\n<p align=\"justify\"><a href=\"http:\/\/www.saloanoticias.com\/images\/dsc_2341.jpg\"><img loading=\"lazy\" decoding=\"async\" title=\"DSC_2341\" style=\"border-top: 0px; border-right: 0px; background-image: none; border-bottom: 0px; float: none; padding-top: 0px; padding-left: 0px; margin-left: auto; border-left: 0px; display: block; padding-right: 0px; margin-right: auto\" border=\"0\" alt=\"DSC_2341\" src=\"http:\/\/www.saloanoticias.com\/v1\/wp-content\/uploads\/imagens\/dsc_2341_thumb.jpg\" width=\"1426\" height=\"945\"><\/a><\/p>\n<p align=\"justify\"><font size=\"3\" face=\"Arial\">Outro momento importante no evento foi o discurso de Socorro do Leite, que atrav\u00e9s de uma carta, explicou a todos os motivos que a levaram a compor a chapa majorit\u00e1ria ao lado de Ricardo Alves. Foram v\u00e1rios momentos de emo\u00e7\u00e3o durante a fala, e todos ficaram muito atentos a tudo o que estava se passando. A festa teve fim pontualmente \u00e0s 21:30h, e, estima-se que mais de 5 mil pessoas estiveram presentes na inaugura\u00e7\u00e3o. Fotos: Bruno Alison<\/font><\/p>\n<p align=\"justify\"><a href=\"http:\/\/www.saloanoticias.com\/images\/dsc_1960.jpg\"><img loading=\"lazy\" decoding=\"async\" title=\"DSC_1960\" style=\"border-top: 0px; border-right: 0px; background-image: none; border-bottom: 0px; float: none; padding-top: 0px; padding-left: 0px; margin-left: auto; border-left: 0px; display: block; padding-right: 0px; margin-right: auto\" border=\"0\" alt=\"DSC_1960\" src=\"http:\/\/www.saloanoticias.com\/v1\/wp-content\/uploads\/imagens\/dsc_1960_thumb.jpg\" width=\"1440\" height=\"805\"><\/a><\/p>\n<p><a href=\"http:\/\/www.saloanoticias.com\/images\/dsc_1968.jpg\"><img loading=\"lazy\" decoding=\"async\" title=\"DSC_1968\" style=\"border-top: 0px; border-right: 0px; background-image: none; border-bottom: 0px; float: none; padding-top: 0px; padding-left: 0px; margin-left: auto; border-left: 0px; display: block; padding-right: 0px; margin-right: auto\" border=\"0\" alt=\"DSC_1968\" src=\"http:\/\/www.saloanoticias.com\/v1\/wp-content\/uploads\/imagens\/dsc_1968_thumb.jpg\" width=\"1438\" height=\"953\"><\/a><\/p>\n<p><a href=\"http:\/\/www.saloanoticias.com\/images\/dsc_2051.jpg\"><img loading=\"lazy\" decoding=\"async\" title=\"DSC_2051\" style=\"border-top: 0px; border-right: 0px; background-image: none; border-bottom: 0px; float: none; padding-top: 0px; padding-left: 0px; margin-left: auto; border-left: 0px; display: block; padding-right: 0px; margin-right: auto\" border=\"0\" alt=\"DSC_2051\" src=\"http:\/\/www.saloanoticias.com\/v1\/wp-content\/uploads\/imagens\/dsc_2051_thumb.jpg\" width=\"1437\" height=\"953\"><\/a><\/p>\n<p><a href=\"http:\/\/www.saloanoticias.com\/images\/dsc_2150.jpg\"><img loading=\"lazy\" decoding=\"async\" title=\"DSC_2150\" style=\"border-top: 0px; border-right: 0px; background-image: none; border-bottom: 0px; float: none; padding-top: 0px; padding-left: 0px; margin-left: auto; border-left: 0px; display: block; padding-right: 0px; margin-right: auto\" border=\"0\" alt=\"DSC_2150\" src=\"http:\/\/www.saloanoticias.com\/v1\/wp-content\/uploads\/imagens\/dsc_2150_thumb.jpg\" width=\"1439\" height=\"953\"><\/a><\/p>\n<p><a href=\"http:\/\/www.saloanoticias.com\/images\/dsc_2087.jpg\"><img loading=\"lazy\" decoding=\"async\" title=\"DSC_2087\" style=\"border-top: 0px; border-right: 0px; background-image: none; border-bottom: 0px; float: none; padding-top: 0px; padding-left: 0px; margin-left: auto; border-left: 0px; display: block; padding-right: 0px; margin-right: auto\" border=\"0\" alt=\"DSC_2087\" src=\"http:\/\/www.saloanoticias.com\/v1\/wp-content\/uploads\/imagens\/dsc_2087_thumb.jpg\" width=\"1445\" height=\"802\"><\/a><\/p>\n<div style=\"margin-top: 0px; margin-bottom: 0px;\" class=\"sharethis-inline-share-buttons\" ><\/div>","protected":false},"excerpt":{"rendered":"<p>Aconteceu na noite deste s\u00e1bado, dia 26 de agosto, a t\u00e3o esperada inaugura\u00e7\u00e3o do Comit\u00ea Central de Campanha do Grupo \u201cCaf\u00e9 com Leite\u201d da cidade de Salo\u00e1\/PE. Resumidamente, podemos dizer que foi um grande evento que ficar\u00e1 marcado como sendo umas das maiores concentra\u00e7\u00f5es pol\u00edticas j\u00e1 vistas no munic\u00edpio. A multid\u00e3o come\u00e7ou a se concentrar [&hellip;]<\/p>\n","protected":false},"author":1,"featured_media":0,"comment_status":"open","ping_status":"open","sticky":false,"template":"","format":"standard","meta":{"footnotes":""},"categories":[2],"tags":[],"class_list":["post-2866","post","type-post","status-publish","format-standard","hentry","category-noticias-do-dia"],"_links":{"self":[{"href":"https:\/\/www.saloanoticias.com\/v1\/wp-json\/wp\/v2\/posts\/2866","targetHints":{"allow":["GET"]}}],"collection":[{"href":"https:\/\/www.saloanoticias.com\/v1\/wp-json\/wp\/v2\/posts"}],"about":[{"href":"https:\/\/www.saloanoticias.com\/v1\/wp-json\/wp\/v2\/types\/post"}],"author":[{"embeddable":true,"href":"https:\/\/www.saloanoticias.com\/v1\/wp-json\/wp\/v2\/users\/1"}],"replies":[{"embeddable":true,"href":"https:\/\/www.saloanoticias.com\/v1\/wp-json\/wp\/v2\/comments?post=2866"}],"version-history":[{"count":0,"href":"https:\/\/www.saloanoticias.com\/v1\/wp-json\/wp\/v2\/posts\/2866\/revisions"}],"wp:attachment":[{"href":"https:\/\/www.saloanoticias.com\/v1\/wp-json\/wp\/v2\/media?parent=2866"}],"wp:term":[{"taxonomy":"category","embeddable":true,"href":"https:\/\/www.saloanoticias.com\/v1\/wp-json\/wp\/v2\/categories?post=2866"},{"taxonomy":"post_tag","embeddable":true,"href":"https:\/\/www.saloanoticias.com\/v1\/wp-json\/wp\/v2\/tags?post=2866"}],"curies":[{"name":"wp","href":"https:\/\/api.w.org\/{rel}","templated":true}]}}