{"id":28632,"date":"2025-05-26T21:32:13","date_gmt":"2025-05-27T00:32:13","guid":{"rendered":"https:\/\/www.saloanoticias.com\/v1\/?p=28632"},"modified":"2025-05-27T10:11:22","modified_gmt":"2025-05-27T13:11:22","slug":"pe-thiago-felipe-esta-de-idade-nova","status":"publish","type":"post","link":"https:\/\/www.saloanoticias.com\/v1\/pe-thiago-felipe-esta-de-idade-nova\/","title":{"rendered":"Salo\u00e1 celebra o anivers\u00e1rio do Padre Thiago Felipe, Doutor em Direito Can\u00f4nico e dedicado religioso na comunidade"},"content":{"rendered":"\n<p>A comunidade cat\u00f3lica de Salo\u00e1 celebra nesta semana o anivers\u00e1rio do Padre Thiago Felipe, o dedicado p\u00e1roco da cidade. Conhecido por sua profunda forma\u00e7\u00e3o acad\u00eamica e seu comprometimento com a f\u00e9, Padre Thiago tem desempenhado um papel fundamental na Par\u00f3quia de S\u00e3o Vicente de Paulo, marcando sua passagem por Salo\u00e1 com um trabalho religioso significativo.<\/p>\n\n\n\n<p>Padre Thiago Felipe n\u00e3o \u00e9 apenas um l\u00edder espiritual, mas tamb\u00e9m um doutor em Direito Can\u00f4nico, t\u00edtulo que conquistou ap\u00f3s anos de estudo e dedica\u00e7\u00e3o em Roma, onde residiu por um per\u00edodo consider\u00e1vel. Essa forma\u00e7\u00e3o s\u00f3lida e a viv\u00eancia na capital da f\u00e9 cat\u00f3lica conferem a ele uma perspectiva \u00fanica e um profundo conhecimento das leis e tradi\u00e7\u00f5es da Igreja.<\/p>\n\n\n\n<p>Desde que assumiu a Par\u00f3quia de S\u00e3o Vicente de Paulo em Salo\u00e1, Padre Thiago tem se empenhado em fortalecer os la\u00e7os da comunidade, promover a evangeliza\u00e7\u00e3o e oferecer suporte espiritual aos fi\u00e9is. Seu trabalho \u00e9 reconhecido pela dedica\u00e7\u00e3o, pela clareza de suas mensagens e pela proximidade com os paroquianos. Ele tem sido uma figura central na vida religiosa da cidade, inspirando a todos com sua f\u00e9 e seu exemplo.<\/p>\n\n\n\n<p>A data de seu anivers\u00e1rio \u00e9, portanto, uma oportunidade para a comunidade de Salo\u00e1 expressar sua gratid\u00e3o e carinho pelo Padre Thiago Felipe. A celebra\u00e7\u00e3o n\u00e3o apenas homenageia o homem e o sacerdote, mas tamb\u00e9m reconhece a import\u00e2ncia de sua atua\u00e7\u00e3o para o crescimento espiritual e social do munic\u00edpio.<\/p>\n<div style=\"margin-top: 0px; margin-bottom: 0px;\" class=\"sharethis-inline-share-buttons\" ><\/div>","protected":false},"excerpt":{"rendered":"<p>A comunidade cat\u00f3lica de Salo\u00e1 celebra nesta semana o anivers\u00e1rio do Padre Thiago Felipe, o dedicado p\u00e1roco da cidade. Conhecido por sua profunda forma\u00e7\u00e3o acad\u00eamica e seu comprometimento com a f\u00e9, Padre Thiago tem desempenhado um papel fundamental na Par\u00f3quia de S\u00e3o Vicente de Paulo, marcando sua passagem por Salo\u00e1 com um trabalho religioso significativo. [&hellip;]<\/p>\n","protected":false},"author":1,"featured_media":28633,"comment_status":"closed","ping_status":"closed","sticky":false,"template":"","format":"standard","meta":{"footnotes":""},"categories":[16],"tags":[22],"class_list":["post-28632","post","type-post","status-publish","format-standard","has-post-thumbnail","hentry","category-religiao","tag-destaques"],"_links":{"self":[{"href":"https:\/\/www.saloanoticias.com\/v1\/wp-json\/wp\/v2\/posts\/28632","targetHints":{"allow":["GET"]}}],"collection":[{"href":"https:\/\/www.saloanoticias.com\/v1\/wp-json\/wp\/v2\/posts"}],"about":[{"href":"https:\/\/www.saloanoticias.com\/v1\/wp-json\/wp\/v2\/types\/post"}],"author":[{"embeddable":true,"href":"https:\/\/www.saloanoticias.com\/v1\/wp-json\/wp\/v2\/users\/1"}],"replies":[{"embeddable":true,"href":"https:\/\/www.saloanoticias.com\/v1\/wp-json\/wp\/v2\/comments?post=28632"}],"version-history":[{"count":6,"href":"https:\/\/www.saloanoticias.com\/v1\/wp-json\/wp\/v2\/posts\/28632\/revisions"}],"predecessor-version":[{"id":28641,"href":"https:\/\/www.saloanoticias.com\/v1\/wp-json\/wp\/v2\/posts\/28632\/revisions\/28641"}],"wp:featuredmedia":[{"embeddable":true,"href":"https:\/\/www.saloanoticias.com\/v1\/wp-json\/wp\/v2\/media\/28633"}],"wp:attachment":[{"href":"https:\/\/www.saloanoticias.com\/v1\/wp-json\/wp\/v2\/media?parent=28632"}],"wp:term":[{"taxonomy":"category","embeddable":true,"href":"https:\/\/www.saloanoticias.com\/v1\/wp-json\/wp\/v2\/categories?post=28632"},{"taxonomy":"post_tag","embeddable":true,"href":"https:\/\/www.saloanoticias.com\/v1\/wp-json\/wp\/v2\/tags?post=28632"}],"curies":[{"name":"wp","href":"https:\/\/api.w.org\/{rel}","templated":true}]}}