{"id":2863,"date":"2016-08-26T11:00:00","date_gmt":"2016-08-26T11:00:00","guid":{"rendered":"https:\/\/saloanoticias.mrmediaweb.com\/v1\/2016\/08\/26\/ricardo-e-socorro-inauguram-comite-nesta-sexta-26\/"},"modified":"2016-08-26T11:00:00","modified_gmt":"2016-08-26T11:00:00","slug":"ricardo-e-socorro-inauguram-comite-nesta-sexta-26","status":"publish","type":"post","link":"https:\/\/www.saloanoticias.com\/v1\/ricardo-e-socorro-inauguram-comite-nesta-sexta-26\/","title":{"rendered":"RICARDO E SOCORRO INAUGURAM COMIT\u00ca CENTRAL DE CAMPANHA NESTA SEXTA (26)"},"content":{"rendered":"<p align=\"justify\"><font size=\"3\" face=\"Arial\"><a href=\"http:\/\/www.saloanoticias.com\/images\/06_325146dd109f5e783545010bc434aeee.jpg\"><img loading=\"lazy\" decoding=\"async\" title=\"06\" style=\"border-left-width: 0px; border-right-width: 0px; background-image: none; border-bottom-width: 0px; float: none; padding-top: 0px; padding-left: 0px; margin: 0px auto 10px; display: block; padding-right: 0px; border-top-width: 0px\" border=\"0\" alt=\"06\" src=\"http:\/\/www.saloanoticias.com\/v1\/wp-content\/uploads\/imagens\/06_thumb_350b16408ed5c7d8bacdaeb12d2be1c7.jpg\" width=\"1434\" height=\"1076\"><\/a>Acontecer\u00e1 logo mais a partir das 6h, desta sexta-feira (26), uma grande concentra\u00e7\u00e3o promovida pelo grupo caf\u00e9 com Leite que tem Ricardo Alves e Socorro do Leite como candidatos a prefeito e vice no munic\u00edpio de Salo\u00e1\/PE. O evento est\u00e1 programado para acontecer com a presen\u00e7a de todos os candidatos a vereadores pela coliga\u00e7\u00e3o, al\u00e9m de milhares de correligion\u00e1rios, na Rua Senador Paulo Guerra, pr\u00f3ximo aos reservat\u00f3rios da COMPESA, e de l\u00e1 descer\u00e3o em um grande arrast\u00e3o at\u00e9 o comit\u00ea central da campanha, que ser\u00e1 inaugurado oficialmente.<\/font><\/p>\n<p align=\"justify\"><font size=\"3\" face=\"Arial\">Est\u00e1 confirmada a presen\u00e7a do deputado estadual, Marcoant\u00f4nio Dourado, que prestar\u00e1 seu apoio a chapa do Caf\u00e9 com Leite. Segundo os organizadores, espera-se uma grande quantidade de pessoas nas ruas, fazendo uma grande festa. Consta na programa\u00e7\u00e3o do Caf\u00e9 com Leite, uma visita de porta a porta no povoado Gigante na manh\u00e3 do s\u00e1bado (27), com a presen\u00e7a de todos os candidatos.<\/font><\/p>\n<div style=\"margin-top: 0px; margin-bottom: 0px;\" class=\"sharethis-inline-share-buttons\" ><\/div>","protected":false},"excerpt":{"rendered":"<p>Acontecer\u00e1 logo mais a partir das 6h, desta sexta-feira (26), uma grande concentra\u00e7\u00e3o promovida pelo grupo caf\u00e9 com Leite que tem Ricardo Alves e Socorro do Leite como candidatos a prefeito e vice no munic\u00edpio de Salo\u00e1\/PE. O evento est\u00e1 programado para acontecer com a presen\u00e7a de todos os candidatos a vereadores pela coliga\u00e7\u00e3o, al\u00e9m [&hellip;]<\/p>\n","protected":false},"author":1,"featured_media":0,"comment_status":"open","ping_status":"open","sticky":false,"template":"","format":"standard","meta":{"footnotes":""},"categories":[2],"tags":[],"class_list":["post-2863","post","type-post","status-publish","format-standard","hentry","category-noticias-do-dia"],"_links":{"self":[{"href":"https:\/\/www.saloanoticias.com\/v1\/wp-json\/wp\/v2\/posts\/2863","targetHints":{"allow":["GET"]}}],"collection":[{"href":"https:\/\/www.saloanoticias.com\/v1\/wp-json\/wp\/v2\/posts"}],"about":[{"href":"https:\/\/www.saloanoticias.com\/v1\/wp-json\/wp\/v2\/types\/post"}],"author":[{"embeddable":true,"href":"https:\/\/www.saloanoticias.com\/v1\/wp-json\/wp\/v2\/users\/1"}],"replies":[{"embeddable":true,"href":"https:\/\/www.saloanoticias.com\/v1\/wp-json\/wp\/v2\/comments?post=2863"}],"version-history":[{"count":0,"href":"https:\/\/www.saloanoticias.com\/v1\/wp-json\/wp\/v2\/posts\/2863\/revisions"}],"wp:attachment":[{"href":"https:\/\/www.saloanoticias.com\/v1\/wp-json\/wp\/v2\/media?parent=2863"}],"wp:term":[{"taxonomy":"category","embeddable":true,"href":"https:\/\/www.saloanoticias.com\/v1\/wp-json\/wp\/v2\/categories?post=2863"},{"taxonomy":"post_tag","embeddable":true,"href":"https:\/\/www.saloanoticias.com\/v1\/wp-json\/wp\/v2\/tags?post=2863"}],"curies":[{"name":"wp","href":"https:\/\/api.w.org\/{rel}","templated":true}]}}