{"id":28620,"date":"2025-05-25T18:54:45","date_gmt":"2025-05-25T21:54:45","guid":{"rendered":"https:\/\/www.saloanoticias.com\/v1\/?p=28620"},"modified":"2025-05-25T19:01:22","modified_gmt":"2025-05-25T22:01:22","slug":"prefeito-junior-de-rivaldo-inaugura-tres-adutoras-na-zona-rural-de-saloa","status":"publish","type":"post","link":"https:\/\/www.saloanoticias.com\/v1\/prefeito-junior-de-rivaldo-inaugura-tres-adutoras-na-zona-rural-de-saloa\/","title":{"rendered":"Prefeito J\u00fanior de Rivaldo inaugura tr\u00eas adutoras na zona rural de Salo\u00e1"},"content":{"rendered":"\n<p>O prefeito de Salo\u00e1, J\u00fanior de Rivaldo, inaugurou neste s\u00e1bado (25) tr\u00eas adutoras que beneficiar\u00e3o diretamente as comunidades rurais de Riach\u00e3o, Silv\u00e9ria e Camaratuba da Prata. A cerim\u00f4nia contou com a presen\u00e7a do deputado estadual Dannilo Godoy, al\u00e9m de diversas autoridades locais e moradores da regi\u00e3o.<\/p>\n\n\n<div class=\"wp-block-image\">\n<figure class=\"aligncenter size-large\"><img loading=\"lazy\" decoding=\"async\" width=\"1024\" height=\"678\" src=\"https:\/\/www.saloanoticias.com\/v1\/wp-content\/uploads\/2025\/05\/IMG_6375-1024x678.jpeg\" alt=\"\" class=\"wp-image-28622\" srcset=\"https:\/\/www.saloanoticias.com\/v1\/wp-content\/uploads\/2025\/05\/IMG_6375-1024x678.jpeg 1024w, https:\/\/www.saloanoticias.com\/v1\/wp-content\/uploads\/2025\/05\/IMG_6375-300x199.jpeg 300w, https:\/\/www.saloanoticias.com\/v1\/wp-content\/uploads\/2025\/05\/IMG_6375-768x509.jpeg 768w, https:\/\/www.saloanoticias.com\/v1\/wp-content\/uploads\/2025\/05\/IMG_6375-1536x1017.jpeg 1536w, https:\/\/www.saloanoticias.com\/v1\/wp-content\/uploads\/2025\/05\/IMG_6375-2048x1356.jpeg 2048w\" sizes=\"auto, (max-width: 1024px) 100vw, 1024px\" \/><\/figure>\n<\/div>\n\n\n<p>As obras, idealizadas ainda na gest\u00e3o do ex-prefeito Rivaldo Alves, foram executadas pela atual administra\u00e7\u00e3o e representam um avan\u00e7o significativo no abastecimento de \u00e1gua da zona rural do munic\u00edpio. Com aproximadamente 9 quil\u00f4metros de extens\u00e3o, a adutora capta \u00e1gua da barragem de Camaratuba e leva o recurso at\u00e9 o \u00faltimo ponto de distribui\u00e7\u00e3o, localizado no s\u00edtio Riach\u00e3o.<\/p>\n\n\n<div class=\"wp-block-image\">\n<figure class=\"aligncenter size-large\"><img loading=\"lazy\" decoding=\"async\" width=\"1024\" height=\"678\" src=\"https:\/\/www.saloanoticias.com\/v1\/wp-content\/uploads\/2025\/05\/IMG_6380-1024x678.jpeg\" alt=\"\" class=\"wp-image-28623\" srcset=\"https:\/\/www.saloanoticias.com\/v1\/wp-content\/uploads\/2025\/05\/IMG_6380-1024x678.jpeg 1024w, https:\/\/www.saloanoticias.com\/v1\/wp-content\/uploads\/2025\/05\/IMG_6380-300x199.jpeg 300w, https:\/\/www.saloanoticias.com\/v1\/wp-content\/uploads\/2025\/05\/IMG_6380-768x509.jpeg 768w, https:\/\/www.saloanoticias.com\/v1\/wp-content\/uploads\/2025\/05\/IMG_6380-1536x1017.jpeg 1536w, https:\/\/www.saloanoticias.com\/v1\/wp-content\/uploads\/2025\/05\/IMG_6380-2048x1356.jpeg 2048w\" sizes=\"auto, (max-width: 1024px) 100vw, 1024px\" \/><\/figure>\n<\/div>\n\n\n<p>Com a entrega das novas adutoras, as comunidades beneficiadas deixam de depender do abastecimento por meio de carros-pipas, realidade que por d\u00e9cadas marcou o cotidiano da popula\u00e7\u00e3o local.<\/p>\n\n\n<div class=\"wp-block-image\">\n<figure class=\"aligncenter size-large\"><img loading=\"lazy\" decoding=\"async\" width=\"1024\" height=\"678\" src=\"https:\/\/www.saloanoticias.com\/v1\/wp-content\/uploads\/2025\/05\/IMG_6371-1024x678.jpeg\" alt=\"\" class=\"wp-image-28624\" srcset=\"https:\/\/www.saloanoticias.com\/v1\/wp-content\/uploads\/2025\/05\/IMG_6371-1024x678.jpeg 1024w, https:\/\/www.saloanoticias.com\/v1\/wp-content\/uploads\/2025\/05\/IMG_6371-300x199.jpeg 300w, https:\/\/www.saloanoticias.com\/v1\/wp-content\/uploads\/2025\/05\/IMG_6371-768x509.jpeg 768w, https:\/\/www.saloanoticias.com\/v1\/wp-content\/uploads\/2025\/05\/IMG_6371-1536x1017.jpeg 1536w, https:\/\/www.saloanoticias.com\/v1\/wp-content\/uploads\/2025\/05\/IMG_6371-2048x1356.jpeg 2048w\" sizes=\"auto, (max-width: 1024px) 100vw, 1024px\" \/><\/figure>\n<\/div>\n\n\n<p>\u201cEsta \u00e9 uma conquista hist\u00f3rica para Salo\u00e1 e um passo importante na garantia de dignidade para o homem e a mulher do campo. \u00c1gua \u00e9 vida, e investir em abastecimento \u00e9 investir no futuro\u201d, destacou o prefeito J\u00fanior de Rivaldo durante o evento.<\/p>\n\n\n\n<p>A solenidade teve clima de celebra\u00e7\u00e3o e reconhecimento por parte dos moradores, que agora contam com acesso regular a um dos recursos mais essenciais \u00e0 vida humana. A iniciativa refor\u00e7a o compromisso da gest\u00e3o municipal com a melhoria da infraestrutura e da qualidade de vida no campo e vai beneficiar mais de 180 fam\u00edlias.<\/p>\n\n\n<div class=\"wp-block-image\">\n<figure class=\"aligncenter size-large\"><img loading=\"lazy\" decoding=\"async\" width=\"1024\" height=\"678\" src=\"https:\/\/www.saloanoticias.com\/v1\/wp-content\/uploads\/2025\/05\/IMG_6361-1024x678.jpeg\" alt=\"\" class=\"wp-image-28625\" srcset=\"https:\/\/www.saloanoticias.com\/v1\/wp-content\/uploads\/2025\/05\/IMG_6361-1024x678.jpeg 1024w, https:\/\/www.saloanoticias.com\/v1\/wp-content\/uploads\/2025\/05\/IMG_6361-300x199.jpeg 300w, https:\/\/www.saloanoticias.com\/v1\/wp-content\/uploads\/2025\/05\/IMG_6361-768x509.jpeg 768w, https:\/\/www.saloanoticias.com\/v1\/wp-content\/uploads\/2025\/05\/IMG_6361-1536x1017.jpeg 1536w, https:\/\/www.saloanoticias.com\/v1\/wp-content\/uploads\/2025\/05\/IMG_6361-2048x1356.jpeg 2048w\" sizes=\"auto, (max-width: 1024px) 100vw, 1024px\" \/><\/figure>\n<\/div><div style=\"margin-top: 0px; margin-bottom: 0px;\" class=\"sharethis-inline-share-buttons\" ><\/div>","protected":false},"excerpt":{"rendered":"<p>O prefeito de Salo\u00e1, J\u00fanior de Rivaldo, inaugurou neste s\u00e1bado (25) tr\u00eas adutoras que beneficiar\u00e3o diretamente as comunidades rurais de Riach\u00e3o, Silv\u00e9ria e Camaratuba da Prata. A cerim\u00f4nia contou com a presen\u00e7a do deputado estadual Dannilo Godoy, al\u00e9m de diversas autoridades locais e moradores da regi\u00e3o. As obras, idealizadas ainda na gest\u00e3o do ex-prefeito Rivaldo [&hellip;]<\/p>\n","protected":false},"author":1,"featured_media":28621,"comment_status":"closed","ping_status":"closed","sticky":false,"template":"","format":"standard","meta":{"footnotes":""},"categories":[21],"tags":[22],"class_list":["post-28620","post","type-post","status-publish","format-standard","has-post-thumbnail","hentry","category-cidade","tag-destaques"],"_links":{"self":[{"href":"https:\/\/www.saloanoticias.com\/v1\/wp-json\/wp\/v2\/posts\/28620","targetHints":{"allow":["GET"]}}],"collection":[{"href":"https:\/\/www.saloanoticias.com\/v1\/wp-json\/wp\/v2\/posts"}],"about":[{"href":"https:\/\/www.saloanoticias.com\/v1\/wp-json\/wp\/v2\/types\/post"}],"author":[{"embeddable":true,"href":"https:\/\/www.saloanoticias.com\/v1\/wp-json\/wp\/v2\/users\/1"}],"replies":[{"embeddable":true,"href":"https:\/\/www.saloanoticias.com\/v1\/wp-json\/wp\/v2\/comments?post=28620"}],"version-history":[{"count":2,"href":"https:\/\/www.saloanoticias.com\/v1\/wp-json\/wp\/v2\/posts\/28620\/revisions"}],"predecessor-version":[{"id":28629,"href":"https:\/\/www.saloanoticias.com\/v1\/wp-json\/wp\/v2\/posts\/28620\/revisions\/28629"}],"wp:featuredmedia":[{"embeddable":true,"href":"https:\/\/www.saloanoticias.com\/v1\/wp-json\/wp\/v2\/media\/28621"}],"wp:attachment":[{"href":"https:\/\/www.saloanoticias.com\/v1\/wp-json\/wp\/v2\/media?parent=28620"}],"wp:term":[{"taxonomy":"category","embeddable":true,"href":"https:\/\/www.saloanoticias.com\/v1\/wp-json\/wp\/v2\/categories?post=28620"},{"taxonomy":"post_tag","embeddable":true,"href":"https:\/\/www.saloanoticias.com\/v1\/wp-json\/wp\/v2\/tags?post=28620"}],"curies":[{"name":"wp","href":"https:\/\/api.w.org\/{rel}","templated":true}]}}