{"id":2862,"date":"2016-08-25T18:00:00","date_gmt":"2016-08-25T18:00:00","guid":{"rendered":"https:\/\/saloanoticias.mrmediaweb.com\/v1\/2016\/08\/25\/julgamento-de-dilma-comeca-hoje\/"},"modified":"2016-08-25T18:00:00","modified_gmt":"2016-08-25T18:00:00","slug":"julgamento-de-dilma-comeca-hoje","status":"publish","type":"post","link":"https:\/\/www.saloanoticias.com\/v1\/julgamento-de-dilma-comeca-hoje\/","title":{"rendered":"JULGAMENTO DE DILMA COME\u00c7AR\u00c1 HOJE"},"content":{"rendered":"<p align=\"justify\"><font size=\"3\" face=\"Arial\"><a href=\"http:\/\/www.saloanoticias.com\/images\/dilma_rousseff-preocupada-140614_5939a115917404206b4447e34b25448b.jpg\"><img loading=\"lazy\" decoding=\"async\" title=\"Dilma_Rousseff-preocupada-140614\" style=\"border-top: 0px; border-right: 0px; background-image: none; border-bottom: 0px; float: left; padding-top: 0px; padding-left: 0px; margin: 5px 5px 0px 0px; border-left: 0px; display: inline; padding-right: 0px\" border=\"0\" alt=\"Dilma_Rousseff-preocupada-140614\" src=\"http:\/\/www.saloanoticias.com\/v1\/wp-content\/uploads\/imagens\/dilma_rousseff-preocupada-140614_thumb_465037bda4ff0a08a10b85c52589cf65.jpg\" width=\"305\" align=\"left\" height=\"184\"><\/a>Come\u00e7a nesta quinta-feira (25), no Senado, o julgamento da presidente afastada Dilma Rousseff por crime de responsabilidade. A sess\u00e3o ser\u00e1 comandada pelo presidente do STF, ministro <strong>Ricardo Lewandowski<\/strong>, tal qual prev\u00ea a Constitui\u00e7\u00e3o e a Lei do Impeachment (1.079\/1950). <\/font><font size=\"3\" face=\"Arial\">De acordo com o rito da sess\u00e3o definido por Lewandowski e o presidente do Senado, Renan Calheiros (PMDB-AL), nesta quinta ir\u00e3o depor duas testemunhas de acusa\u00e7\u00e3o e, amanh\u00e3, as seis de defesa.<\/font><\/p>\n<p align=\"justify\"><font size=\"3\" face=\"Arial\">As testemunhas de acusa\u00e7\u00e3o s\u00e3o o procurador do TCU J\u00falio Marcello Oliveira e o auditor Antonio D\u2019\u00c1vila. <\/font><font size=\"3\" face=\"Arial\">J\u00e1 as testemunhas de defesa s\u00e3o o ex-ministro do Planejamento N\u00e9lson Barbosa, a ex-secret\u00e1ria do Tesouro Esther Dweck, o ex-secret\u00e1rio do Minist\u00e9rio da Educa\u00e7\u00e3o, Luiz Costa, o economista Luiz Gonzaga Belluzzo e os professores de Direito Geraldo Prado e Ricardo Lodi. <\/font><font size=\"3\" face=\"Arial\">As oito testemunhas v\u00e3o ficar hospedadas em um hotel de Bras\u00edlia, separadas umas das outras, em quartos sem acesso \u00e0 internet e a telefone.<\/font> <\/p>\n<p align=\"justify\"><font size=\"3\" face=\"Arial\">Na parte externa do Senado, a Pol\u00edcia do Distrito Federal colocou uma barreira de um quil\u00f4metro para separar os manifestantes contra e a favor do impeachment. <\/font><font size=\"3\" face=\"Arial\">Dilma decidiu comparecer \u00e0 sess\u00e3o do julgamento, mas somente no pr\u00f3ximo dia 29. No dia seguinte haver\u00e1 a sess\u00e3o de julgamento e pelos c\u00e1lculos do ministro chefe da Casa Civil, Eliseu Padilha, v\u00e3o votar a favor do impeachment entre 59 e 61 senadores. <\/font><font size=\"3\" face=\"Arial\">No dia seguinte a presidente deixar\u00e1 definitivamente o Pal\u00e1cio da Alvorada, onde continua residindo, e ficar\u00e1 ineleg\u00edvel por 8 anos. Por\u00e9m, mesmo como ex-presidente da Rep\u00fablica, ela ter\u00e1 direito a seis assessores.<\/font> <\/p>\n<p align=\"justify\"><font size=\"3\" face=\"Arial\">De Pernambuco, Fernando Bezerra Coelho (PSB) votar\u00e1 a favor e Humberto Costa (PT) e Armando Monteiro Neto (PTB), contra. Fonte: Blog do Inaldo Sampaio<\/font><\/p>\n<div style=\"margin-top: 0px; margin-bottom: 0px;\" class=\"sharethis-inline-share-buttons\" ><\/div>","protected":false},"excerpt":{"rendered":"<p>Come\u00e7a nesta quinta-feira (25), no Senado, o julgamento da presidente afastada Dilma Rousseff por crime de responsabilidade. A sess\u00e3o ser\u00e1 comandada pelo presidente do STF, ministro Ricardo Lewandowski, tal qual prev\u00ea a Constitui\u00e7\u00e3o e a Lei do Impeachment (1.079\/1950). De acordo com o rito da sess\u00e3o definido por Lewandowski e o presidente do Senado, Renan [&hellip;]<\/p>\n","protected":false},"author":1,"featured_media":0,"comment_status":"open","ping_status":"open","sticky":false,"template":"","format":"standard","meta":{"footnotes":""},"categories":[2],"tags":[],"class_list":["post-2862","post","type-post","status-publish","format-standard","hentry","category-noticias-do-dia"],"_links":{"self":[{"href":"https:\/\/www.saloanoticias.com\/v1\/wp-json\/wp\/v2\/posts\/2862","targetHints":{"allow":["GET"]}}],"collection":[{"href":"https:\/\/www.saloanoticias.com\/v1\/wp-json\/wp\/v2\/posts"}],"about":[{"href":"https:\/\/www.saloanoticias.com\/v1\/wp-json\/wp\/v2\/types\/post"}],"author":[{"embeddable":true,"href":"https:\/\/www.saloanoticias.com\/v1\/wp-json\/wp\/v2\/users\/1"}],"replies":[{"embeddable":true,"href":"https:\/\/www.saloanoticias.com\/v1\/wp-json\/wp\/v2\/comments?post=2862"}],"version-history":[{"count":0,"href":"https:\/\/www.saloanoticias.com\/v1\/wp-json\/wp\/v2\/posts\/2862\/revisions"}],"wp:attachment":[{"href":"https:\/\/www.saloanoticias.com\/v1\/wp-json\/wp\/v2\/media?parent=2862"}],"wp:term":[{"taxonomy":"category","embeddable":true,"href":"https:\/\/www.saloanoticias.com\/v1\/wp-json\/wp\/v2\/categories?post=2862"},{"taxonomy":"post_tag","embeddable":true,"href":"https:\/\/www.saloanoticias.com\/v1\/wp-json\/wp\/v2\/tags?post=2862"}],"curies":[{"name":"wp","href":"https:\/\/api.w.org\/{rel}","templated":true}]}}