{"id":28609,"date":"2025-05-25T11:28:06","date_gmt":"2025-05-25T14:28:06","guid":{"rendered":"https:\/\/www.saloanoticias.com\/v1\/?p=28609"},"modified":"2025-05-25T15:44:28","modified_gmt":"2025-05-25T18:44:28","slug":"ieadpe-de-saloa-celebra-15-anos-do-circulo-de-oracao-na-senador-paulo-guerra-um-jubileu-de-cristal-marcado-pela-devocao-feminina","status":"publish","type":"post","link":"https:\/\/www.saloanoticias.com\/v1\/ieadpe-de-saloa-celebra-15-anos-do-circulo-de-oracao-na-senador-paulo-guerra-um-jubileu-de-cristal-marcado-pela-devocao-feminina\/","title":{"rendered":"IEADPE de Salo\u00e1 celebra 15 anos do C\u00edrculo de Ora\u00e7\u00e3o na Senador Paulo Guerra: um Jubileu de Cristal marcado pela devo\u00e7\u00e3o feminina"},"content":{"rendered":"\n<p>A comunidade evang\u00e9lica de Salo\u00e1 se prepara para um momento de f\u00e9 e celebra\u00e7\u00e3o nesta segunda-feira, 26 de maio de 2025. O C\u00edrculo de Ora\u00e7\u00e3o da Igreja Evang\u00e9lica Assembleia de Deus em Pernambuco (IEADPE) na congrega\u00e7\u00e3o da Senador Paulo Guerra comemora seu 15\u00ba anivers\u00e1rio, marcando o Jubileu de Cristal com um evento especial.<\/p>\n\n\n\n<p>A celebra\u00e7\u00e3o tem como base a passagem b\u00edblica de Ju\u00edzes 5:7, que diz: &#8220;Cessaram os chefes em Israel, cessaram, at\u00e9 que eu, D\u00e9bora, me levantei, levantei-me por m\u00e3e em Israel.&#8221; O vers\u00edculo inspira a trajet\u00f3ria desse referido trabalho de ora\u00e7\u00e3o de senhoras, que, ao longo de uma d\u00e9cada e meia, tem sido um pilar de intercess\u00e3o e apoio espiritual para a comunidade local.<\/p>\n\n\n\n<p>A dire\u00e7\u00e3o desse trabalho incans\u00e1vel est\u00e1 a cargo da irm\u00e3 Elizama Calado, que lidera o grupo com dedica\u00e7\u00e3o. Ao seu lado, a vice-dirigente irm\u00e3 Salete e as secret\u00e1rias Diana, Ana Cl\u00e1udia e Andr\u00e9ia contribuem para a organiza\u00e7\u00e3o e o bom andamento das atividades.<\/p>\n\n\n\n<p>O louvor e a adora\u00e7\u00e3o s\u00e3o conduzidos com maestria pelas maestrinas Adriana e Renata, que desempenharam um papel fundamental na promo\u00e7\u00e3o de uma linda festa. O evento desta segunda-feira promete reunir fi\u00e9is, l\u00edderes religiosos e convidados para um culto de gratid\u00e3o pelos 15 anos de ora\u00e7\u00e3o ininterrupta.<\/p>\n\n\n\n<p>A programa\u00e7\u00e3o incluir\u00e1 louvores, testemunhos de f\u00e9 e uma mensagem inspiradora, que refletir\u00e1 sobre a import\u00e2ncia da perseveran\u00e7a na ora\u00e7\u00e3o e o papel da mulher na lideran\u00e7a espiritual. O Jubileu de Cristal \u00e9 um marco significativo para o C\u00edrculo de Ora\u00e7\u00e3o da IEADPE na Senador Paulo Guerra, simbolizando a solidez e a transpar\u00eancia alcan\u00e7adas ao longo desses 15 anos de dedica\u00e7\u00e3o.<\/p>\n\n\n\n<p>A expectativa \u00e9 que a celebra\u00e7\u00e3o renove as for\u00e7as dos participantes e inspire novos membros a se unirem a este importante movimento de f\u00e9 em Salo\u00e1. A IEADPE tem a dire\u00e7\u00e3o geral do pastor Ailton Alves e do evangelista Mozeis Lima na local.<\/p>\n\n\n<div class=\"wp-block-image\">\n<figure class=\"aligncenter size-large\"><img loading=\"lazy\" decoding=\"async\" width=\"576\" height=\"1024\" src=\"https:\/\/www.saloanoticias.com\/v1\/wp-content\/uploads\/2025\/05\/a7e47aba-5a36-44b4-abe9-5a0bad923f54-576x1024.jpeg\" alt=\"\" class=\"wp-image-28616\" srcset=\"https:\/\/www.saloanoticias.com\/v1\/wp-content\/uploads\/2025\/05\/a7e47aba-5a36-44b4-abe9-5a0bad923f54-576x1024.jpeg 576w, https:\/\/www.saloanoticias.com\/v1\/wp-content\/uploads\/2025\/05\/a7e47aba-5a36-44b4-abe9-5a0bad923f54-169x300.jpeg 169w, https:\/\/www.saloanoticias.com\/v1\/wp-content\/uploads\/2025\/05\/a7e47aba-5a36-44b4-abe9-5a0bad923f54.jpeg 720w\" sizes=\"auto, (max-width: 576px) 100vw, 576px\" \/><\/figure>\n<\/div><div style=\"margin-top: 0px; margin-bottom: 0px;\" class=\"sharethis-inline-share-buttons\" ><\/div>","protected":false},"excerpt":{"rendered":"<p>A comunidade evang\u00e9lica de Salo\u00e1 se prepara para um momento de f\u00e9 e celebra\u00e7\u00e3o nesta segunda-feira, 26 de maio de 2025. O C\u00edrculo de Ora\u00e7\u00e3o da Igreja Evang\u00e9lica Assembleia de Deus em Pernambuco (IEADPE) na congrega\u00e7\u00e3o da Senador Paulo Guerra comemora seu 15\u00ba anivers\u00e1rio, marcando o Jubileu de Cristal com um evento especial. A celebra\u00e7\u00e3o [&hellip;]<\/p>\n","protected":false},"author":1,"featured_media":28610,"comment_status":"closed","ping_status":"closed","sticky":false,"template":"","format":"standard","meta":{"footnotes":""},"categories":[16],"tags":[22],"class_list":["post-28609","post","type-post","status-publish","format-standard","has-post-thumbnail","hentry","category-religiao","tag-destaques"],"_links":{"self":[{"href":"https:\/\/www.saloanoticias.com\/v1\/wp-json\/wp\/v2\/posts\/28609","targetHints":{"allow":["GET"]}}],"collection":[{"href":"https:\/\/www.saloanoticias.com\/v1\/wp-json\/wp\/v2\/posts"}],"about":[{"href":"https:\/\/www.saloanoticias.com\/v1\/wp-json\/wp\/v2\/types\/post"}],"author":[{"embeddable":true,"href":"https:\/\/www.saloanoticias.com\/v1\/wp-json\/wp\/v2\/users\/1"}],"replies":[{"embeddable":true,"href":"https:\/\/www.saloanoticias.com\/v1\/wp-json\/wp\/v2\/comments?post=28609"}],"version-history":[{"count":7,"href":"https:\/\/www.saloanoticias.com\/v1\/wp-json\/wp\/v2\/posts\/28609\/revisions"}],"predecessor-version":[{"id":28619,"href":"https:\/\/www.saloanoticias.com\/v1\/wp-json\/wp\/v2\/posts\/28609\/revisions\/28619"}],"wp:featuredmedia":[{"embeddable":true,"href":"https:\/\/www.saloanoticias.com\/v1\/wp-json\/wp\/v2\/media\/28610"}],"wp:attachment":[{"href":"https:\/\/www.saloanoticias.com\/v1\/wp-json\/wp\/v2\/media?parent=28609"}],"wp:term":[{"taxonomy":"category","embeddable":true,"href":"https:\/\/www.saloanoticias.com\/v1\/wp-json\/wp\/v2\/categories?post=28609"},{"taxonomy":"post_tag","embeddable":true,"href":"https:\/\/www.saloanoticias.com\/v1\/wp-json\/wp\/v2\/tags?post=28609"}],"curies":[{"name":"wp","href":"https:\/\/api.w.org\/{rel}","templated":true}]}}