{"id":28605,"date":"2025-05-23T09:27:48","date_gmt":"2025-05-23T12:27:48","guid":{"rendered":"https:\/\/www.saloanoticias.com\/v1\/?p=28605"},"modified":"2025-05-23T09:27:49","modified_gmt":"2025-05-23T12:27:49","slug":"programa-terra-pronta-segue-beneficiando-agricultores-de-saloa-com-aracao-de-terra-gratuita","status":"publish","type":"post","link":"https:\/\/www.saloanoticias.com\/v1\/programa-terra-pronta-segue-beneficiando-agricultores-de-saloa-com-aracao-de-terra-gratuita\/","title":{"rendered":"Programa Terra Pronta segue beneficiando agricultores de Salo\u00e1 com ara\u00e7\u00e3o de terra gratuita"},"content":{"rendered":"\n<p>A Prefeitura de Salo\u00e1, por meio da Secretaria Municipal de Agricultura, segue avan\u00e7ando com o\u00a0Programa Terra Pronta, uma iniciativa voltada para fortalecer o homem e a mulher do campo, oferecendo\u00a0servi\u00e7os gratuitos de ara\u00e7\u00e3o de terra\u00a0em diversas comunidades rurais do munic\u00edpio.<\/p>\n\n\n\n<p>O programa tem como objetivo\u00a0estimular a produ\u00e7\u00e3o agr\u00edcola, garantindo mais condi\u00e7\u00f5es para o preparo da terra antes do plantio. Com a chegada das chuvas, esse trabalho \u00e9 fundamental para que os pequenos produtores possam aproveitar o per\u00edodo e cultivar seus alimentos com mais seguran\u00e7a e produtividade.<\/p>\n\n\n\n<p>\u201cSabemos da import\u00e2ncia que a agricultura tem para a economia e para o sustento de muitas fam\u00edlias em Salo\u00e1. Por isso, o Programa Terra Pronta foi pensado para oferecer apoio direto ao agricultor, sem nenhum custo, levando nossos tratores at\u00e9 as propriedades e ajudando quem mais precisa\u201d, destacou o prefeito J\u00fanior de Rivaldo.<\/p>\n\n\n<div class=\"wp-block-image\">\n<figure class=\"aligncenter size-large\"><img loading=\"lazy\" decoding=\"async\" width=\"1024\" height=\"678\" src=\"https:\/\/www.saloanoticias.com\/v1\/wp-content\/uploads\/2025\/05\/WhatsApp-Image-2025-05-21-at-12.54.01-2048x1356-1-1024x678.jpeg\" alt=\"\" class=\"wp-image-28607\" srcset=\"https:\/\/www.saloanoticias.com\/v1\/wp-content\/uploads\/2025\/05\/WhatsApp-Image-2025-05-21-at-12.54.01-2048x1356-1-1024x678.jpeg 1024w, https:\/\/www.saloanoticias.com\/v1\/wp-content\/uploads\/2025\/05\/WhatsApp-Image-2025-05-21-at-12.54.01-2048x1356-1-300x199.jpeg 300w, https:\/\/www.saloanoticias.com\/v1\/wp-content\/uploads\/2025\/05\/WhatsApp-Image-2025-05-21-at-12.54.01-2048x1356-1-768x509.jpeg 768w, https:\/\/www.saloanoticias.com\/v1\/wp-content\/uploads\/2025\/05\/WhatsApp-Image-2025-05-21-at-12.54.01-2048x1356-1-1536x1017.jpeg 1536w, https:\/\/www.saloanoticias.com\/v1\/wp-content\/uploads\/2025\/05\/WhatsApp-Image-2025-05-21-at-12.54.01-2048x1356-1.jpeg 2048w\" sizes=\"auto, (max-width: 1024px) 100vw, 1024px\" \/><\/figure>\n<\/div>\n\n\n<p>A Secretaria de Agricultura est\u00e1 coordenando as a\u00e7\u00f5es em cronogramas organizados por regi\u00e3o, buscando atender com agilidade e efici\u00eancia todos os pedidos feitos pelos moradores do campo. Os agendamentos est\u00e3o sendo realizados diretamente na Secretaria ou com o apoio dos representantes das comunidades.<\/p>\n\n\n\n<p>Com a\u00e7\u00f5es como essa, a gest\u00e3o municipal reafirma seu compromisso com o fortalecimento da zona rural e com a valoriza\u00e7\u00e3o de quem trabalha diariamente para colocar alimento na mesa das fam\u00edlias saloaenses. <em>Com informa\u00e7\u00f5es da Ascom da Prefeitura de Salo\u00e1.<\/em><\/p>\n<div style=\"margin-top: 0px; margin-bottom: 0px;\" class=\"sharethis-inline-share-buttons\" ><\/div>","protected":false},"excerpt":{"rendered":"<p>A Prefeitura de Salo\u00e1, por meio da Secretaria Municipal de Agricultura, segue avan\u00e7ando com o\u00a0Programa Terra Pronta, uma iniciativa voltada para fortalecer o homem e a mulher do campo, oferecendo\u00a0servi\u00e7os gratuitos de ara\u00e7\u00e3o de terra\u00a0em diversas comunidades rurais do munic\u00edpio. O programa tem como objetivo\u00a0estimular a produ\u00e7\u00e3o agr\u00edcola, garantindo mais condi\u00e7\u00f5es para o preparo da [&hellip;]<\/p>\n","protected":false},"author":1,"featured_media":28606,"comment_status":"closed","ping_status":"closed","sticky":false,"template":"","format":"standard","meta":{"footnotes":""},"categories":[21],"tags":[22],"class_list":["post-28605","post","type-post","status-publish","format-standard","has-post-thumbnail","hentry","category-cidade","tag-destaques"],"_links":{"self":[{"href":"https:\/\/www.saloanoticias.com\/v1\/wp-json\/wp\/v2\/posts\/28605","targetHints":{"allow":["GET"]}}],"collection":[{"href":"https:\/\/www.saloanoticias.com\/v1\/wp-json\/wp\/v2\/posts"}],"about":[{"href":"https:\/\/www.saloanoticias.com\/v1\/wp-json\/wp\/v2\/types\/post"}],"author":[{"embeddable":true,"href":"https:\/\/www.saloanoticias.com\/v1\/wp-json\/wp\/v2\/users\/1"}],"replies":[{"embeddable":true,"href":"https:\/\/www.saloanoticias.com\/v1\/wp-json\/wp\/v2\/comments?post=28605"}],"version-history":[{"count":1,"href":"https:\/\/www.saloanoticias.com\/v1\/wp-json\/wp\/v2\/posts\/28605\/revisions"}],"predecessor-version":[{"id":28608,"href":"https:\/\/www.saloanoticias.com\/v1\/wp-json\/wp\/v2\/posts\/28605\/revisions\/28608"}],"wp:featuredmedia":[{"embeddable":true,"href":"https:\/\/www.saloanoticias.com\/v1\/wp-json\/wp\/v2\/media\/28606"}],"wp:attachment":[{"href":"https:\/\/www.saloanoticias.com\/v1\/wp-json\/wp\/v2\/media?parent=28605"}],"wp:term":[{"taxonomy":"category","embeddable":true,"href":"https:\/\/www.saloanoticias.com\/v1\/wp-json\/wp\/v2\/categories?post=28605"},{"taxonomy":"post_tag","embeddable":true,"href":"https:\/\/www.saloanoticias.com\/v1\/wp-json\/wp\/v2\/tags?post=28605"}],"curies":[{"name":"wp","href":"https:\/\/api.w.org\/{rel}","templated":true}]}}