{"id":28590,"date":"2025-05-21T16:06:54","date_gmt":"2025-05-21T19:06:54","guid":{"rendered":"https:\/\/www.saloanoticias.com\/v1\/?p=28590"},"modified":"2025-05-21T16:37:38","modified_gmt":"2025-05-21T19:37:38","slug":"junior-de-rivaldo-inaugura-tres-novas-adutoras-de-agua-no-proximo-sabado-24","status":"publish","type":"post","link":"https:\/\/www.saloanoticias.com\/v1\/junior-de-rivaldo-inaugura-tres-novas-adutoras-de-agua-no-proximo-sabado-24\/","title":{"rendered":"J\u00fanior de Rivaldo inaugura tr\u00eas novas adutoras no pr\u00f3ximo s\u00e1bado (24)"},"content":{"rendered":"\n<p>O prefeito J\u00fanior de Rivaldo vai inaugurar tr\u00eas novas adutoras que prometem transformar a realidade de diversas fam\u00edlias nas comunidades rurais. A solenidade acontecer\u00e1 neste s\u00e1bado, 24 de maio de 2025, a partir das 16h, no S\u00edtio Riach\u00e3o, em frente \u00e0  Capela de S\u00e3o Jos\u00e9, nas proximidades da resid\u00eancia do Agente de Sa\u00fade A\u00edlson, conhecido como Bagaceira.<\/p>\n\n\n\n<p>As novas adutoras, um investimento significativo em infraestrutura h\u00eddrica, beneficiar\u00e3o diretamente os moradores dos s\u00edtios Riach\u00e3o, Silv\u00e9ria e Camaratuba da Prata, garantindo acesso \u00e0 \u00e1gua pot\u00e1vel de forma mais eficiente e cont\u00ednua.<\/p>\n\n\n\n<p>A expectativa \u00e9 que, de imediato, mais de 150 fam\u00edlias sejam atendidas por esse novo sistema de abastecimento. O convite para o evento est\u00e1 sendo feito pelo Prefeito J\u00fanior de Rivaldo, que vem ressaltando a import\u00e2ncia dessas obras para o desenvolvimento e a qualidade de vida da popula\u00e7\u00e3o rural.<\/p>\n\n\n\n<p>A cerim\u00f4nia contar\u00e1 com a presen\u00e7a de diversas autoridades locais e da comunidade em geral, que se unir\u00e3o para celebrar essa conquista t\u00e3o aguardada. A chegada da \u00e1gua tratada \u00e9 um marco para essas regi\u00f5es, que h\u00e1 d\u00e9cadas enfrentavam desafios relacionados ao abastecimento.<\/p>\n\n\n\n<p>A iniciativa da Prefeitura demonstra o compromisso com a melhoria das condi\u00e7\u00f5es de vida no campo, promovendo sa\u00fade, bem-estar e dignidade para todos.<\/p>\n\n\n<div class=\"wp-block-image\">\n<figure class=\"aligncenter size-large\"><img loading=\"lazy\" decoding=\"async\" width=\"819\" height=\"1024\" src=\"https:\/\/www.saloanoticias.com\/v1\/wp-content\/uploads\/2025\/05\/83527520-4B47-418B-A996-84E574CA66FF-819x1024.jpeg\" alt=\"\" class=\"wp-image-28593\" srcset=\"https:\/\/www.saloanoticias.com\/v1\/wp-content\/uploads\/2025\/05\/83527520-4B47-418B-A996-84E574CA66FF-819x1024.jpeg 819w, https:\/\/www.saloanoticias.com\/v1\/wp-content\/uploads\/2025\/05\/83527520-4B47-418B-A996-84E574CA66FF-240x300.jpeg 240w, https:\/\/www.saloanoticias.com\/v1\/wp-content\/uploads\/2025\/05\/83527520-4B47-418B-A996-84E574CA66FF-768x960.jpeg 768w, https:\/\/www.saloanoticias.com\/v1\/wp-content\/uploads\/2025\/05\/83527520-4B47-418B-A996-84E574CA66FF.jpeg 1080w\" sizes=\"auto, (max-width: 819px) 100vw, 819px\" \/><\/figure>\n<\/div><div style=\"margin-top: 0px; margin-bottom: 0px;\" class=\"sharethis-inline-share-buttons\" ><\/div>","protected":false},"excerpt":{"rendered":"<p>O prefeito J\u00fanior de Rivaldo vai inaugurar tr\u00eas novas adutoras que prometem transformar a realidade de diversas fam\u00edlias nas comunidades rurais. A solenidade acontecer\u00e1 neste s\u00e1bado, 24 de maio de 2025, a partir das 16h, no S\u00edtio Riach\u00e3o, em frente \u00e0 Capela de S\u00e3o Jos\u00e9, nas proximidades da resid\u00eancia do Agente de Sa\u00fade A\u00edlson, conhecido [&hellip;]<\/p>\n","protected":false},"author":1,"featured_media":28592,"comment_status":"closed","ping_status":"closed","sticky":false,"template":"","format":"standard","meta":{"footnotes":""},"categories":[21],"tags":[22],"class_list":["post-28590","post","type-post","status-publish","format-standard","has-post-thumbnail","hentry","category-cidade","tag-destaques"],"_links":{"self":[{"href":"https:\/\/www.saloanoticias.com\/v1\/wp-json\/wp\/v2\/posts\/28590","targetHints":{"allow":["GET"]}}],"collection":[{"href":"https:\/\/www.saloanoticias.com\/v1\/wp-json\/wp\/v2\/posts"}],"about":[{"href":"https:\/\/www.saloanoticias.com\/v1\/wp-json\/wp\/v2\/types\/post"}],"author":[{"embeddable":true,"href":"https:\/\/www.saloanoticias.com\/v1\/wp-json\/wp\/v2\/users\/1"}],"replies":[{"embeddable":true,"href":"https:\/\/www.saloanoticias.com\/v1\/wp-json\/wp\/v2\/comments?post=28590"}],"version-history":[{"count":7,"href":"https:\/\/www.saloanoticias.com\/v1\/wp-json\/wp\/v2\/posts\/28590\/revisions"}],"predecessor-version":[{"id":28600,"href":"https:\/\/www.saloanoticias.com\/v1\/wp-json\/wp\/v2\/posts\/28590\/revisions\/28600"}],"wp:featuredmedia":[{"embeddable":true,"href":"https:\/\/www.saloanoticias.com\/v1\/wp-json\/wp\/v2\/media\/28592"}],"wp:attachment":[{"href":"https:\/\/www.saloanoticias.com\/v1\/wp-json\/wp\/v2\/media?parent=28590"}],"wp:term":[{"taxonomy":"category","embeddable":true,"href":"https:\/\/www.saloanoticias.com\/v1\/wp-json\/wp\/v2\/categories?post=28590"},{"taxonomy":"post_tag","embeddable":true,"href":"https:\/\/www.saloanoticias.com\/v1\/wp-json\/wp\/v2\/tags?post=28590"}],"curies":[{"name":"wp","href":"https:\/\/api.w.org\/{rel}","templated":true}]}}