{"id":2859,"date":"2016-08-23T12:25:00","date_gmt":"2016-08-23T12:25:00","guid":{"rendered":"https:\/\/saloanoticias.mrmediaweb.com\/v1\/2016\/08\/23\/sao-vicente-tem-nova-data-para-inicio-de-aulas\/"},"modified":"2016-08-23T12:25:00","modified_gmt":"2016-08-23T12:25:00","slug":"sao-vicente-tem-nova-data-para-inicio-de-aulas","status":"publish","type":"post","link":"https:\/\/www.saloanoticias.com\/v1\/sao-vicente-tem-nova-data-para-inicio-de-aulas\/","title":{"rendered":"S\u00c3O VICENTE TEM NOVA DATA PARA IN\u00cdCIO DAS AULAS, DIZ SECRETARIA DE EDUCA\u00c7\u00c3O"},"content":{"rendered":"<h1 align=\"justify\"><font size=\"3\" face=\"Arial\"><a href=\"http:\/\/www.saloanoticias.com\/images\/dona-dita5_0e2e61980277ef1fe8031a98ce072b9e.jpg\"><img loading=\"lazy\" decoding=\"async\" title=\"DONA DITA5\" style=\"border-top: 0px; border-right: 0px; background-image: none; border-bottom: 0px; float: left; padding-top: 0px; padding-left: 0px; margin: 5px 5px 0px 0px; border-left: 0px; display: inline; padding-right: 0px\" border=\"0\" alt=\"DONA DITA5\" src=\"http:\/\/www.saloanoticias.com\/v1\/wp-content\/uploads\/imagens\/dona-dita5_thumb_ff1255044753af92068d68db71bfc7b5.jpg\" width=\"262\" align=\"left\" height=\"221\"><\/a><\/font><\/h1>\n<p><font size=\"3\" face=\"Arial\"> <\/p>\n<p align=\"justify\"><font size=\"3\" face=\"Arial\">A Secretaria Municipal de Educa\u00e7\u00e3o de Salo\u00e1 informa que o retorno das aulas na Escola Municipal S\u00e3o Vicente foi adiado do dia *22 de AGOSTO PARA O DIA 29 de AGOSTO*. A decis\u00e3o foi necess\u00e1ria para que as obras de reforma sejam conclu\u00eddas pela empresa respons\u00e1vel, para assim, voltarmos \u00e0s atividades com seguran\u00e7a e todas as instala\u00e7\u00f5es funcionando. <\/font><font size=\"3\" face=\"Arial\"><font size=\"3\" face=\"Arial\">A Dire\u00e7\u00e3o de Ensino ressalta, portanto, que em breve organizar\u00e1 um novo calend\u00e1rio de planejamento pedag\u00f3gico e a\u00e7\u00f5es pedag\u00f3gicas de reposi\u00e7\u00e3o. <\/font><\/font><\/p>\n<p><font size=\"3\" face=\"Arial\"><\/font> <\/p>\n<p align=\"center\"><font size=\"3\" face=\"Arial\"><\/font>&nbsp;<\/p>\n<p align=\"center\"><font size=\"3\" face=\"Arial\"><strong>Alvaro Deangelles P. Florentino,<\/strong><\/font><\/p>\n<p><font size=\"3\" face=\"Arial\"> <\/p>\n<p align=\"center\"><font size=\"3\" face=\"Arial\"><strong>Secret\u00e1rio Municipal de Educa\u00e7\u00e3o de Salo\u00e1<\/strong><\/font><\/p>\n<p><\/font><\/font> <\/p>\n<p align=\"justify\"><font size=\"3\" face=\"Arial\">NOTA: A Gestora da ESCOLA S\u00c3O VICENTE, Joseja Alves Bezerra (D. DITA), tem a honra de convidar os senhores pais dos estudantes da referida ESCOLA para participarem de REUNI\u00c3O no dia 26 DE AGOSTO \u00c0S 9h no AUDITORIO DA ESCOLA para tratar de assuntos referente \u00e0 volta as aula. Desde j\u00e1 agradece !<\/font><\/p>\n<div style=\"margin-top: 0px; margin-bottom: 0px;\" class=\"sharethis-inline-share-buttons\" ><\/div>","protected":false},"excerpt":{"rendered":"<p>A Secretaria Municipal de Educa\u00e7\u00e3o de Salo\u00e1 informa que o retorno das aulas na Escola Municipal S\u00e3o Vicente foi adiado do dia *22 de AGOSTO PARA O DIA 29 de AGOSTO*. A decis\u00e3o foi necess\u00e1ria para que as obras de reforma sejam conclu\u00eddas pela empresa respons\u00e1vel, para assim, voltarmos \u00e0s atividades com seguran\u00e7a e todas [&hellip;]<\/p>\n","protected":false},"author":1,"featured_media":0,"comment_status":"open","ping_status":"open","sticky":false,"template":"","format":"standard","meta":{"footnotes":""},"categories":[2],"tags":[],"class_list":["post-2859","post","type-post","status-publish","format-standard","hentry","category-noticias-do-dia"],"_links":{"self":[{"href":"https:\/\/www.saloanoticias.com\/v1\/wp-json\/wp\/v2\/posts\/2859","targetHints":{"allow":["GET"]}}],"collection":[{"href":"https:\/\/www.saloanoticias.com\/v1\/wp-json\/wp\/v2\/posts"}],"about":[{"href":"https:\/\/www.saloanoticias.com\/v1\/wp-json\/wp\/v2\/types\/post"}],"author":[{"embeddable":true,"href":"https:\/\/www.saloanoticias.com\/v1\/wp-json\/wp\/v2\/users\/1"}],"replies":[{"embeddable":true,"href":"https:\/\/www.saloanoticias.com\/v1\/wp-json\/wp\/v2\/comments?post=2859"}],"version-history":[{"count":0,"href":"https:\/\/www.saloanoticias.com\/v1\/wp-json\/wp\/v2\/posts\/2859\/revisions"}],"wp:attachment":[{"href":"https:\/\/www.saloanoticias.com\/v1\/wp-json\/wp\/v2\/media?parent=2859"}],"wp:term":[{"taxonomy":"category","embeddable":true,"href":"https:\/\/www.saloanoticias.com\/v1\/wp-json\/wp\/v2\/categories?post=2859"},{"taxonomy":"post_tag","embeddable":true,"href":"https:\/\/www.saloanoticias.com\/v1\/wp-json\/wp\/v2\/tags?post=2859"}],"curies":[{"name":"wp","href":"https:\/\/api.w.org\/{rel}","templated":true}]}}