{"id":2858,"date":"2016-08-22T23:00:00","date_gmt":"2016-08-22T23:00:00","guid":{"rendered":"https:\/\/saloanoticias.mrmediaweb.com\/v1\/2016\/08\/22\/socorro-do-leite-agradece-aos-moradores-da-prata-pela-demonstracao\/"},"modified":"2016-08-22T23:00:00","modified_gmt":"2016-08-22T23:00:00","slug":"socorro-do-leite-agradece-aos-moradores-da-prata-pela-demonstracao","status":"publish","type":"post","link":"https:\/\/www.saloanoticias.com\/v1\/socorro-do-leite-agradece-aos-moradores-da-prata-pela-demonstracao\/","title":{"rendered":"\u201cSOCORRO DO LEITE\u201d FAZ ELOGIOS AO POVO DA PRATA PELA CAMINHADA DE DOMINGO"},"content":{"rendered":"<p align=\"justify\"><font size=\"3\" face=\"Arial\"><a href=\"http:\/\/www.saloanoticias.com\/images\/socorro-do-leite_4377290d54456bb2cb0e509e54c67ed0.jpg\"><img loading=\"lazy\" decoding=\"async\" title=\"socorro do leite\" style=\"border-top: 0px; border-right: 0px; background-image: none; border-bottom: 0px; float: left; padding-top: 0px; padding-left: 0px; margin: 5px 5px 0px 0px; border-left: 0px; display: inline; padding-right: 0px\" border=\"0\" alt=\"socorro do leite\" src=\"http:\/\/www.saloanoticias.com\/v1\/wp-content\/uploads\/imagens\/socorro-do-leite_thumb_0924247d8c47ed9e6505dd28199d6b73.jpg\" width=\"252\" align=\"left\" height=\"220\"><\/a>A candidata a vice-prefeita do munic\u00edpio de Salo\u00e1\/PE, Socorro do Leite (PR), utilizou as suas redes sociais para fazer elogios e agradecimento aos moradores da Vila de Iatec\u00e1 (Prata) pela grande receptividade dada aos integrantes do grupo Caf\u00e9 com Leite naquela comunidade no \u00faltimo domingo (21), durante a caminhada de porta a porta, chapa que ela faz composi\u00e7\u00e3o ao lado do atual prefeito Ricardo Alves do PMDB. Confira as palavras que foram usadas por Socorro e publicadas em seu Facebook:<\/font><\/p>\n<p align=\"justify\"><font size=\"3\" face=\"Arial\"><strong><em>\u201cMais uma vez a Prata se mostra honrosa, e me faz a cada dia me orgulhar muito mais deste pedacinho de ch\u00e3o onde talvez maior parte da humildade deste Munic\u00edpio habite nele, incluindo todos os meus tesouros, dos antepassados aos avos paternos, avos maternos, Pai, M\u00e3e, tios, primos e parentes e agora o meu ca\u00e7ula: Z\u00e9 Ant\u00f4nio do Leite. Deus aben\u00e7oe a todos !\u201d<\/em><\/strong><\/font><\/p>\n<div style=\"margin-top: 0px; margin-bottom: 0px;\" class=\"sharethis-inline-share-buttons\" ><\/div>","protected":false},"excerpt":{"rendered":"<p>A candidata a vice-prefeita do munic\u00edpio de Salo\u00e1\/PE, Socorro do Leite (PR), utilizou as suas redes sociais para fazer elogios e agradecimento aos moradores da Vila de Iatec\u00e1 (Prata) pela grande receptividade dada aos integrantes do grupo Caf\u00e9 com Leite naquela comunidade no \u00faltimo domingo (21), durante a caminhada de porta a porta, chapa que [&hellip;]<\/p>\n","protected":false},"author":1,"featured_media":0,"comment_status":"open","ping_status":"open","sticky":false,"template":"","format":"standard","meta":{"footnotes":""},"categories":[2],"tags":[],"class_list":["post-2858","post","type-post","status-publish","format-standard","hentry","category-noticias-do-dia"],"_links":{"self":[{"href":"https:\/\/www.saloanoticias.com\/v1\/wp-json\/wp\/v2\/posts\/2858","targetHints":{"allow":["GET"]}}],"collection":[{"href":"https:\/\/www.saloanoticias.com\/v1\/wp-json\/wp\/v2\/posts"}],"about":[{"href":"https:\/\/www.saloanoticias.com\/v1\/wp-json\/wp\/v2\/types\/post"}],"author":[{"embeddable":true,"href":"https:\/\/www.saloanoticias.com\/v1\/wp-json\/wp\/v2\/users\/1"}],"replies":[{"embeddable":true,"href":"https:\/\/www.saloanoticias.com\/v1\/wp-json\/wp\/v2\/comments?post=2858"}],"version-history":[{"count":0,"href":"https:\/\/www.saloanoticias.com\/v1\/wp-json\/wp\/v2\/posts\/2858\/revisions"}],"wp:attachment":[{"href":"https:\/\/www.saloanoticias.com\/v1\/wp-json\/wp\/v2\/media?parent=2858"}],"wp:term":[{"taxonomy":"category","embeddable":true,"href":"https:\/\/www.saloanoticias.com\/v1\/wp-json\/wp\/v2\/categories?post=2858"},{"taxonomy":"post_tag","embeddable":true,"href":"https:\/\/www.saloanoticias.com\/v1\/wp-json\/wp\/v2\/tags?post=2858"}],"curies":[{"name":"wp","href":"https:\/\/api.w.org\/{rel}","templated":true}]}}