{"id":28570,"date":"2025-05-20T09:17:32","date_gmt":"2025-05-20T12:17:32","guid":{"rendered":"https:\/\/www.saloanoticias.com\/v1\/?p=28570"},"modified":"2025-05-20T09:21:40","modified_gmt":"2025-05-20T12:21:40","slug":"28570-2","status":"publish","type":"post","link":"https:\/\/www.saloanoticias.com\/v1\/28570-2\/","title":{"rendered":"Salo\u00e1 homenageia seus Garis em festa especial promovida pela Prefeitura"},"content":{"rendered":"\n<p>Salo\u00e1 celebrou o Dia do Gari em grande estilo no \u00faltimo s\u00e1bado, 17 de maio de 2025, com uma festa especial numa ch\u00e1cara na zona rural, promovida pela Prefeitura Municipal. O evento, que reuniu esses essenciais servidores, foi um reconhecimento \u00e0 dedica\u00e7\u00e3o e ao trabalho \u00e1rduo que realizam diariamente para manter a cidade limpa e bonita.<\/p>\n\n\n\n<p>O prefeito J\u00fanior de Rivaldo expressou sua satisfa\u00e7\u00e3o em poder proporcionar um dia de lazer e confraterniza\u00e7\u00e3o para o grupo. &#8220;Fico muito feliz em poder participar desse dia festivo e de lazer para esse grupo de servidores t\u00e3o importante para a limpeza e o embelezamento da nossa cidade&#8221;, afirmou o gestor, destacando a relev\u00e2ncia dos garis para a qualidade de vida da popula\u00e7\u00e3o.<\/p>\n\n\n<div class=\"wp-block-image\">\n<figure class=\"aligncenter size-large\"><img loading=\"lazy\" decoding=\"async\" width=\"1024\" height=\"768\" src=\"https:\/\/www.saloanoticias.com\/v1\/wp-content\/uploads\/2025\/05\/760d4ccf-aa0d-4f8d-8d99-f1c078dbaac9-1024x768.jpeg\" alt=\"\" class=\"wp-image-28576\" srcset=\"https:\/\/www.saloanoticias.com\/v1\/wp-content\/uploads\/2025\/05\/760d4ccf-aa0d-4f8d-8d99-f1c078dbaac9-1024x768.jpeg 1024w, https:\/\/www.saloanoticias.com\/v1\/wp-content\/uploads\/2025\/05\/760d4ccf-aa0d-4f8d-8d99-f1c078dbaac9-300x225.jpeg 300w, https:\/\/www.saloanoticias.com\/v1\/wp-content\/uploads\/2025\/05\/760d4ccf-aa0d-4f8d-8d99-f1c078dbaac9-768x576.jpeg 768w, https:\/\/www.saloanoticias.com\/v1\/wp-content\/uploads\/2025\/05\/760d4ccf-aa0d-4f8d-8d99-f1c078dbaac9.jpeg 1280w\" sizes=\"auto, (max-width: 1024px) 100vw, 1024px\" \/><\/figure>\n<\/div>\n\n\n<p>A festa contou com a presen\u00e7a de v\u00e1rias autoridades bem como diversas atividades e um ambiente descontra\u00eddo, permitindo que os garis desfrutassem de momentos de descanso e integra\u00e7\u00e3o fora da rotina de trabalho.<\/p>\n\n\n\n<p>O evento refor\u00e7a o compromisso da administra\u00e7\u00e3o municipal em valorizar e reconhecer o papel fundamental desses profissionais, que muitas vezes atuam em condi\u00e7\u00f5es desafiadoras para garantir o bem-estar de todos, disse o Secret\u00e1rio Adriano Vieira (Vieirinha).<\/p>\n\n\n\n<p>A iniciativa da Prefeitura de Salo\u00e1 em promover essa celebra\u00e7\u00e3o especial reflete uma gest\u00e3o atenta e sens\u00edvel \u00e0s necessidades de seus servidores. O Dia do Gari foi, assim, uma oportunidade para demonstrar gratid\u00e3o e respeito \u00e0queles que trabalham incansavelmente nos bastidores para que Salo\u00e1 continue sendo uma cidade limpa e agrad\u00e1vel para se viver.<\/p>\n<div style=\"margin-top: 0px; margin-bottom: 0px;\" class=\"sharethis-inline-share-buttons\" ><\/div>","protected":false},"excerpt":{"rendered":"<p>Salo\u00e1 celebrou o Dia do Gari em grande estilo no \u00faltimo s\u00e1bado, 17 de maio de 2025, com uma festa especial numa ch\u00e1cara na zona rural, promovida pela Prefeitura Municipal. O evento, que reuniu esses essenciais servidores, foi um reconhecimento \u00e0 dedica\u00e7\u00e3o e ao trabalho \u00e1rduo que realizam diariamente para manter a cidade limpa e [&hellip;]<\/p>\n","protected":false},"author":1,"featured_media":28575,"comment_status":"closed","ping_status":"closed","sticky":false,"template":"","format":"standard","meta":{"footnotes":""},"categories":[21],"tags":[22],"class_list":["post-28570","post","type-post","status-publish","format-standard","has-post-thumbnail","hentry","category-cidade","tag-destaques"],"_links":{"self":[{"href":"https:\/\/www.saloanoticias.com\/v1\/wp-json\/wp\/v2\/posts\/28570","targetHints":{"allow":["GET"]}}],"collection":[{"href":"https:\/\/www.saloanoticias.com\/v1\/wp-json\/wp\/v2\/posts"}],"about":[{"href":"https:\/\/www.saloanoticias.com\/v1\/wp-json\/wp\/v2\/types\/post"}],"author":[{"embeddable":true,"href":"https:\/\/www.saloanoticias.com\/v1\/wp-json\/wp\/v2\/users\/1"}],"replies":[{"embeddable":true,"href":"https:\/\/www.saloanoticias.com\/v1\/wp-json\/wp\/v2\/comments?post=28570"}],"version-history":[{"count":3,"href":"https:\/\/www.saloanoticias.com\/v1\/wp-json\/wp\/v2\/posts\/28570\/revisions"}],"predecessor-version":[{"id":28577,"href":"https:\/\/www.saloanoticias.com\/v1\/wp-json\/wp\/v2\/posts\/28570\/revisions\/28577"}],"wp:featuredmedia":[{"embeddable":true,"href":"https:\/\/www.saloanoticias.com\/v1\/wp-json\/wp\/v2\/media\/28575"}],"wp:attachment":[{"href":"https:\/\/www.saloanoticias.com\/v1\/wp-json\/wp\/v2\/media?parent=28570"}],"wp:term":[{"taxonomy":"category","embeddable":true,"href":"https:\/\/www.saloanoticias.com\/v1\/wp-json\/wp\/v2\/categories?post=28570"},{"taxonomy":"post_tag","embeddable":true,"href":"https:\/\/www.saloanoticias.com\/v1\/wp-json\/wp\/v2\/tags?post=28570"}],"curies":[{"name":"wp","href":"https:\/\/api.w.org\/{rel}","templated":true}]}}