{"id":2857,"date":"2016-08-22T12:00:00","date_gmt":"2016-08-22T12:00:00","guid":{"rendered":"https:\/\/saloanoticias.mrmediaweb.com\/v1\/2016\/08\/22\/cafe-com-leite-comeca-caminhada-no-serafim-e-prata\/"},"modified":"2016-08-22T12:00:00","modified_gmt":"2016-08-22T12:00:00","slug":"cafe-com-leite-comeca-caminhada-no-serafim-e-prata","status":"publish","type":"post","link":"https:\/\/www.saloanoticias.com\/v1\/cafe-com-leite-comeca-caminhada-no-serafim-e-prata\/","title":{"rendered":"\u201cCAF\u00c9 COM LEITE\u201d COME\u00c7A CAMINHADA NO S\u00c3O SERAFIM E VILA DE IATEC\u00c1 (PRATA)"},"content":{"rendered":"<p align=\"justify\"><font size=\"3\" face=\"Arial\"><a href=\"http:\/\/www.saloanoticias.com\/images\/salo-notcias-8_3130ec91d9b307cf3d8cf298e618e13e_3091d382d54932490801feb42be9e734.jpg\"><img loading=\"lazy\" decoding=\"async\" title=\"salo-notcias-8_3130ec91d9b307cf3d8cf298e618e13e\" style=\"border-top: 0px; border-right: 0px; background-image: none; border-bottom: 0px; float: none; padding-top: 0px; padding-left: 0px; margin: 0px auto 10px; border-left: 0px; display: block; padding-right: 0px\" border=\"0\" alt=\"salo-notcias-8_3130ec91d9b307cf3d8cf298e618e13e\" src=\"http:\/\/www.saloanoticias.com\/v1\/wp-content\/uploads\/imagens\/salo-notcias-8_3130ec91d9b307cf3d8cf298e618e13e_thumb_84fcfaa5d34f2cfb1bd678b442f9baf5.jpg\" width=\"1444\" height=\"1083\"><\/a>O Grupo Caf\u00e9 com Leite deu o ponta-p\u00e9 inicial de sua campanha na manh\u00e3 do s\u00e1bado, dia 20 de agosto, numa caminhada casa a casa no povoado S\u00e3o Serafim. Estavam presentes o candidato a reelei\u00e7\u00e3o Ricardo Alves ao lado do ex-prefeito Z\u00e9 do Leite e os seus candidatos a vereadores pela coliga\u00e7\u00e3o, e em cada resid\u00eancia apresentavam as sua propostas de continuidade de governo. J\u00e1 no domingo (21) os vermelhos estiveram na vila de Iatec\u00e1 e tamb\u00e9m fizeram o chamado porta a porta.<\/font><\/p>\n<p align=\"justify\"><a href=\"http:\/\/www.saloanoticias.com\/images\/salo-notcias_26cb7e68b18bf6c5b586b0e095620a4a.jpg\"><img loading=\"lazy\" decoding=\"async\" title=\"Salo&aacute; not&iacute;cias\" style=\"border-top: 0px; border-right: 0px; background-image: none; border-bottom: 0px; float: none; padding-top: 0px; padding-left: 0px; margin-left: auto; border-left: 0px; display: block; padding-right: 0px; margin-right: auto\" border=\"0\" alt=\"Salo&aacute; not&iacute;cias\" src=\"http:\/\/www.saloanoticias.com\/v1\/wp-content\/uploads\/imagens\/salo-notcias_thumb_8ee30da08bdea130f50efb867c5183e8.jpg\" width=\"1448\" height=\"910\"><\/a><\/p>\n<p align=\"justify\"><font size=\"3\" face=\"Arial\">Tanto no S\u00e3o Sersafim como na Prata a aglomera\u00e7\u00e3o de pessoas era muito grande, fazendo com que os correligion\u00e1rios fizessem v\u00e1rios arrast\u00f5es pelas ruas dessas comunidades. Segundo Paulo Gama,&nbsp; os coordenadores de campanha do Caf\u00e9 com Leite, mesmo sem haver programa\u00e7\u00e3o de carreatas, tivemos que fazer por conta da empolga\u00e7\u00e3o do povo, e, entrarmos na cidade com mais de 100 carros em ambos movimentos que foram feitas nestas localidades.<\/font><\/p>\n<p align=\"justify\"><a href=\"http:\/\/www.saloanoticias.com\/images\/saloa-notcias_f1f1a28c83c1c1e3b949bde618a3b271.jpg\"><img loading=\"lazy\" decoding=\"async\" title=\"saloa not&iacute;cias\" style=\"border-top: 0px; border-right: 0px; background-image: none; border-bottom: 0px; float: none; padding-top: 0px; padding-left: 0px; margin-left: auto; border-left: 0px; display: block; padding-right: 0px; margin-right: auto\" border=\"0\" alt=\"saloa not&iacute;cias\" src=\"http:\/\/www.saloanoticias.com\/v1\/wp-content\/uploads\/imagens\/saloa-notcias_thumb_b3280d4815892c5ffe2ebeb765976850.jpg\" width=\"1446\" height=\"871\"><\/a><\/p>\n<p align=\"justify\"><font size=\"3\" face=\"Arial\">Ricardo e Z\u00e9 do Leite fizeram quest\u00e3o de abra\u00e7ar cada eleitor e correligion\u00e1rio, repetindo o que j\u00e1 haviam sido feito a 4 anos atr\u00e1s. A caminhada do Caf\u00e9 com Leite finalizou com uma carreata da vila de Iatec\u00e1 at\u00e9 a frente do comit\u00ea de campanha que fica na pra\u00e7a S\u00e3o Vicente no centro, com mais de 120 carros. J\u00e1 em rela\u00e7\u00e3o a coliga\u00e7\u00e3o \u201cJuntos Somos Mais Fortes\u201d, a reda\u00e7\u00e3o procurou informa\u00e7\u00f5es sobre as atividades pol\u00edticas e n\u00e3o tivemos contato.<\/font><\/p>\n<p align=\"justify\"><a href=\"http:\/\/www.saloanoticias.com\/images\/14040175_624943347667798_8514395372883999960_n_02e68717e33396d08c2f1ebe3dedd19f.jpg\"><img loading=\"lazy\" decoding=\"async\" title=\"14040175_624943347667798_8514395372883999960_n\" style=\"border-top: 0px; border-right: 0px; background-image: none; border-bottom: 0px; float: none; padding-top: 0px; padding-left: 0px; margin-left: auto; border-left: 0px; display: block; padding-right: 0px; margin-right: auto\" border=\"0\" alt=\"14040175_624943347667798_8514395372883999960_n\" src=\"http:\/\/www.saloanoticias.com\/v1\/wp-content\/uploads\/imagens\/14040175_624943347667798_8514395372883999960_n_thumb_a8e2c8fd0c5455da1d42c6445a7cf142.jpg\" width=\"1448\" height=\"815\"><\/a><\/p>\n<p><a href=\"http:\/\/www.saloanoticias.com\/images\/14055040_624943301001136_3204402808181818396_n_d0c371d464a09c5526eee18efdfd09f4.jpg\"><img loading=\"lazy\" decoding=\"async\" title=\"14055040_624943301001136_3204402808181818396_n\" style=\"border-top: 0px; border-right: 0px; background-image: none; border-bottom: 0px; float: none; padding-top: 0px; padding-left: 0px; margin-left: auto; border-left: 0px; display: block; padding-right: 0px; margin-right: auto\" border=\"0\" alt=\"14055040_624943301001136_3204402808181818396_n\" src=\"http:\/\/www.saloanoticias.com\/v1\/wp-content\/uploads\/imagens\/14055040_624943301001136_3204402808181818396_n_thumb_2dfc5b080b206ab08acd224715bbf463.jpg\" width=\"1450\" height=\"816\"><\/a><\/p>\n<p><a href=\"http:\/\/www.saloanoticias.com\/images\/14064178_1089612687770964_2903720553380011928_n_f8e29913195636ac8743429ea743c2bc.jpg\"><img loading=\"lazy\" decoding=\"async\" title=\"14064178_1089612687770964_2903720553380011928_n\" style=\"border-top: 0px; border-right: 0px; background-image: none; border-bottom: 0px; float: none; padding-top: 0px; padding-left: 0px; margin-left: auto; border-left: 0px; display: block; padding-right: 0px; margin-right: auto\" border=\"0\" alt=\"14064178_1089612687770964_2903720553380011928_n\" src=\"http:\/\/www.saloanoticias.com\/v1\/wp-content\/uploads\/imagens\/14064178_1089612687770964_2903720553380011928_n_thumb_9d89b1e5515e91bbfd4106d4c298fb8e.jpg\" width=\"1451\" height=\"841\"><\/a><\/p>\n<div style=\"margin-top: 0px; margin-bottom: 0px;\" class=\"sharethis-inline-share-buttons\" ><\/div>","protected":false},"excerpt":{"rendered":"<p>O Grupo Caf\u00e9 com Leite deu o ponta-p\u00e9 inicial de sua campanha na manh\u00e3 do s\u00e1bado, dia 20 de agosto, numa caminhada casa a casa no povoado S\u00e3o Serafim. Estavam presentes o candidato a reelei\u00e7\u00e3o Ricardo Alves ao lado do ex-prefeito Z\u00e9 do Leite e os seus candidatos a vereadores pela coliga\u00e7\u00e3o, e em cada [&hellip;]<\/p>\n","protected":false},"author":1,"featured_media":0,"comment_status":"open","ping_status":"open","sticky":false,"template":"","format":"standard","meta":{"footnotes":""},"categories":[2],"tags":[],"class_list":["post-2857","post","type-post","status-publish","format-standard","hentry","category-noticias-do-dia"],"_links":{"self":[{"href":"https:\/\/www.saloanoticias.com\/v1\/wp-json\/wp\/v2\/posts\/2857","targetHints":{"allow":["GET"]}}],"collection":[{"href":"https:\/\/www.saloanoticias.com\/v1\/wp-json\/wp\/v2\/posts"}],"about":[{"href":"https:\/\/www.saloanoticias.com\/v1\/wp-json\/wp\/v2\/types\/post"}],"author":[{"embeddable":true,"href":"https:\/\/www.saloanoticias.com\/v1\/wp-json\/wp\/v2\/users\/1"}],"replies":[{"embeddable":true,"href":"https:\/\/www.saloanoticias.com\/v1\/wp-json\/wp\/v2\/comments?post=2857"}],"version-history":[{"count":0,"href":"https:\/\/www.saloanoticias.com\/v1\/wp-json\/wp\/v2\/posts\/2857\/revisions"}],"wp:attachment":[{"href":"https:\/\/www.saloanoticias.com\/v1\/wp-json\/wp\/v2\/media?parent=2857"}],"wp:term":[{"taxonomy":"category","embeddable":true,"href":"https:\/\/www.saloanoticias.com\/v1\/wp-json\/wp\/v2\/categories?post=2857"},{"taxonomy":"post_tag","embeddable":true,"href":"https:\/\/www.saloanoticias.com\/v1\/wp-json\/wp\/v2\/tags?post=2857"}],"curies":[{"name":"wp","href":"https:\/\/api.w.org\/{rel}","templated":true}]}}