{"id":2856,"date":"2016-08-21T03:00:00","date_gmt":"2016-08-21T03:00:00","guid":{"rendered":"https:\/\/saloanoticias.mrmediaweb.com\/v1\/2016\/08\/21\/saloa-recebe-mais-de-1-2-milhao-para-abastecimento-de-agua\/"},"modified":"2016-08-21T03:00:00","modified_gmt":"2016-08-21T03:00:00","slug":"saloa-recebe-mais-de-1-2-milhao-para-abastecimento-de-agua","status":"publish","type":"post","link":"https:\/\/www.saloanoticias.com\/v1\/saloa-recebe-mais-de-1-2-milhao-para-abastecimento-de-agua\/","title":{"rendered":"SALO\u00c1 RECEBER\u00c1 MAIS DE 1,2 MILH\u00c3O PARA ABASTECIMENTO DE \u00c1GUA"},"content":{"rendered":"<p align=\"justify\"><font size=\"3\" face=\"Arial\"><a href=\"http:\/\/www.saloanoticias.com\/images\/dsc_1389.jpg\"><img loading=\"lazy\" decoding=\"async\" title=\"DSC_1389\" style=\"border-top: 0px; border-right: 0px; background-image: none; border-bottom: 0px; float: none; padding-top: 0px; padding-left: 0px; margin: 0px auto 10px; border-left: 0px; display: block; padding-right: 0px\" border=\"0\" alt=\"DSC_1389\" src=\"http:\/\/www.saloanoticias.com\/v1\/wp-content\/uploads\/imagens\/dsc_1389_thumb.jpg\" width=\"1434\" height=\"950\"><\/a>O munic\u00edpio de Salo\u00e1 foi contemplado com o valor de mais de 1,2 milh\u00e3o de reais para ser investidos em sistemas de abastecimento de \u00e1gua. O dinheiro foi liberado pelo secret\u00e1rio de agricultura do Estado de Pernambuco, Nilton Mota, em solenidade na prefeitura. Estiveram presentes nesta oportunidade os secret\u00e1rios municipais, Luiz Henrique (Agricultura), Jos\u00e9 Fernandes (Finan\u00e7as), Paulo Gama (Meio Ambiente), Carlos Ouro Preto (Assist\u00eancia Social), Manuela Torres (Sa\u00fade) e Deangelles Florentino (Educa\u00e7\u00e3o), al\u00e9m do deputado federal, Danilo Cabral.<\/font><\/p>\n<p align=\"justify\"><a href=\"http:\/\/www.saloanoticias.com\/images\/dsc_1430.jpg\"><img loading=\"lazy\" decoding=\"async\" title=\"DSC_1430\" style=\"border-top: 0px; border-right: 0px; background-image: none; border-bottom: 0px; float: none; padding-top: 0px; padding-left: 0px; margin-left: auto; border-left: 0px; display: block; padding-right: 0px; margin-right: auto\" border=\"0\" alt=\"DSC_1430\" src=\"http:\/\/www.saloanoticias.com\/v1\/wp-content\/uploads\/imagens\/dsc_1430_thumb.jpg\" width=\"1437\" height=\"952\"><\/a><\/p>\n<p align=\"justify\"><font size=\"3\" face=\"Arial\">As comunidades beneficiadas com esta a\u00e7\u00e3o da parceria dos governos estadual e municipal ser\u00e3o: Jacinto, Santa Tereza, Maciel, Olho D\u2019agua dos Lopes, Baixa do Tanque e Camaratuba. As m\u00e1quinas j\u00e1 est\u00e3o na cidade e as tubula\u00e7\u00f5es tamb\u00e9m e come\u00e7ar\u00e3o a ser instaladas j\u00e1 no come\u00e7o da pr\u00f3xima semana. O secret\u00e1rio Nilton Mota destacou o compromisso do Governador Paulo C\u00e2mara com a cidade de Salo\u00e1, trazendo diversos investimento em saneamento b\u00e1sico, infra-estrutura, cal\u00e7amentos, educa\u00e7\u00e3o e sa\u00fade.<\/font><\/p>\n<p align=\"justify\"><a href=\"http:\/\/www.saloanoticias.com\/images\/dsc_1399.jpg\"><img loading=\"lazy\" decoding=\"async\" title=\"DSC_1399\" style=\"border-top: 0px; border-right: 0px; background-image: none; border-bottom: 0px; float: none; padding-top: 0px; padding-left: 0px; margin-left: auto; border-left: 0px; display: block; padding-right: 0px; margin-right: auto\" border=\"0\" alt=\"DSC_1399\" src=\"http:\/\/www.saloanoticias.com\/v1\/wp-content\/uploads\/imagens\/dsc_1399_thumb.jpg\" width=\"1438\" height=\"953\"><\/a><\/p>\n<p align=\"justify\"><font size=\"3\" face=\"Arial\">V\u00e1rias fam\u00edlias das comunidades beneficiadas compareceram no sal\u00e3o da prefeitura acompanhando as palavras dos deputados<\/font>. <font size=\"3\" face=\"Arial\">O secret\u00e1rio Luiz Henrique acredita que com esta adutora o problema de \u00e1gua nessas comunidades tendem a ser resolvido, assim como aconteceu em outras<\/font>.&nbsp; <font size=\"3\" face=\"Arial\">Durante a cerim\u00f4nia a Sra. Cinthia Barra Nova foi convidada para representar o seu esposo, Jos\u00e9 Ant\u00f4nio do Leite, que faleceu na semana passada. O deputado Danilo Cabral relembrou o discurso que fez na C\u00e2mara dos Deputados em homenagem ao ex-vice-prefeito de Salo\u00e1.&nbsp; Fotos: Bruno Alison<\/font><\/p>\n<p align=\"justify\"><a href=\"http:\/\/www.saloanoticias.com\/images\/dsc_1383.jpg\"><img loading=\"lazy\" decoding=\"async\" title=\"DSC_1383\" style=\"border-top: 0px; border-right: 0px; background-image: none; border-bottom: 0px; float: none; padding-top: 0px; padding-left: 0px; margin-left: auto; border-left: 0px; display: block; padding-right: 0px; margin-right: auto\" border=\"0\" alt=\"DSC_1383\" src=\"http:\/\/www.saloanoticias.com\/v1\/wp-content\/uploads\/imagens\/dsc_1383_thumb.jpg\" width=\"1439\" height=\"953\"><\/a><\/p>\n<p align=\"justify\"><a href=\"http:\/\/www.saloanoticias.com\/images\/dsc_1441.jpg\"><img loading=\"lazy\" decoding=\"async\" title=\"DSC_1441\" style=\"border-top: 0px; border-right: 0px; background-image: none; border-bottom: 0px; float: none; padding-top: 0px; padding-left: 0px; margin-left: auto; border-left: 0px; display: block; padding-right: 0px; margin-right: auto\" border=\"0\" alt=\"DSC_1441\" src=\"http:\/\/www.saloanoticias.com\/v1\/wp-content\/uploads\/imagens\/dsc_1441_thumb.jpg\" width=\"1439\" height=\"954\"><\/a><\/p>\n<p align=\"justify\"><font size=\"3\" face=\"Arial\"><a href=\"http:\/\/www.saloanoticias.com\/images\/dsc_1464.jpg\"><img loading=\"lazy\" decoding=\"async\" title=\"DSC_1464\" style=\"border-top: 0px; border-right: 0px; background-image: none; border-bottom: 0px; float: none; padding-top: 0px; padding-left: 0px; margin-left: auto; border-left: 0px; display: block; padding-right: 0px; margin-right: auto\" border=\"0\" alt=\"DSC_1464\" src=\"http:\/\/www.saloanoticias.com\/v1\/wp-content\/uploads\/imagens\/dsc_1464_thumb.jpg\" width=\"1436\" height=\"952\"><\/a><\/font><\/p>\n<p><a href=\"http:\/\/www.saloanoticias.com\/images\/dsc_1472.jpg\"><img loading=\"lazy\" decoding=\"async\" title=\"DSC_1472\" style=\"border-top: 0px; border-right: 0px; background-image: none; border-bottom: 0px; float: none; padding-top: 0px; padding-left: 0px; margin-left: auto; border-left: 0px; display: block; padding-right: 0px; margin-right: auto\" border=\"0\" alt=\"DSC_1472\" src=\"http:\/\/www.saloanoticias.com\/v1\/wp-content\/uploads\/imagens\/dsc_1472_thumb.jpg\" width=\"1436\" height=\"952\"><\/a><\/p>\n<div style=\"margin-top: 0px; margin-bottom: 0px;\" class=\"sharethis-inline-share-buttons\" ><\/div>","protected":false},"excerpt":{"rendered":"<p>O munic\u00edpio de Salo\u00e1 foi contemplado com o valor de mais de 1,2 milh\u00e3o de reais para ser investidos em sistemas de abastecimento de \u00e1gua. O dinheiro foi liberado pelo secret\u00e1rio de agricultura do Estado de Pernambuco, Nilton Mota, em solenidade na prefeitura. Estiveram presentes nesta oportunidade os secret\u00e1rios municipais, Luiz Henrique (Agricultura), Jos\u00e9 Fernandes [&hellip;]<\/p>\n","protected":false},"author":1,"featured_media":0,"comment_status":"open","ping_status":"open","sticky":false,"template":"","format":"standard","meta":{"footnotes":""},"categories":[2],"tags":[],"class_list":["post-2856","post","type-post","status-publish","format-standard","hentry","category-noticias-do-dia"],"_links":{"self":[{"href":"https:\/\/www.saloanoticias.com\/v1\/wp-json\/wp\/v2\/posts\/2856","targetHints":{"allow":["GET"]}}],"collection":[{"href":"https:\/\/www.saloanoticias.com\/v1\/wp-json\/wp\/v2\/posts"}],"about":[{"href":"https:\/\/www.saloanoticias.com\/v1\/wp-json\/wp\/v2\/types\/post"}],"author":[{"embeddable":true,"href":"https:\/\/www.saloanoticias.com\/v1\/wp-json\/wp\/v2\/users\/1"}],"replies":[{"embeddable":true,"href":"https:\/\/www.saloanoticias.com\/v1\/wp-json\/wp\/v2\/comments?post=2856"}],"version-history":[{"count":0,"href":"https:\/\/www.saloanoticias.com\/v1\/wp-json\/wp\/v2\/posts\/2856\/revisions"}],"wp:attachment":[{"href":"https:\/\/www.saloanoticias.com\/v1\/wp-json\/wp\/v2\/media?parent=2856"}],"wp:term":[{"taxonomy":"category","embeddable":true,"href":"https:\/\/www.saloanoticias.com\/v1\/wp-json\/wp\/v2\/categories?post=2856"},{"taxonomy":"post_tag","embeddable":true,"href":"https:\/\/www.saloanoticias.com\/v1\/wp-json\/wp\/v2\/tags?post=2856"}],"curies":[{"name":"wp","href":"https:\/\/api.w.org\/{rel}","templated":true}]}}