{"id":28559,"date":"2025-05-19T09:47:33","date_gmt":"2025-05-19T12:47:33","guid":{"rendered":"https:\/\/www.saloanoticias.com\/v1\/?p=28559"},"modified":"2025-05-22T08:12:05","modified_gmt":"2025-05-22T11:12:05","slug":"saloa-celebra-a-forca-e-a-tradicao-na-5a-edicao-da-cavalgada-feminina","status":"publish","type":"post","link":"https:\/\/www.saloanoticias.com\/v1\/saloa-celebra-a-forca-e-a-tradicao-na-5a-edicao-da-cavalgada-feminina\/","title":{"rendered":"Salo\u00e1 celebra a for\u00e7a e a tradi\u00e7\u00e3o na 5\u00aa edi\u00e7\u00e3o da Cavalgada Feminina"},"content":{"rendered":"\n<p>O domingo, 18 de maio de 2025, foi marcado por um espet\u00e1culo de for\u00e7a, beleza e tradi\u00e7\u00e3o em Salo\u00e1, com a realiza\u00e7\u00e3o da 5\u00aa Cavalgada Feminina. O evento, promovido pela aguerrida Associa\u00e7\u00e3o das Mulheres Fortes do s\u00edtio Catimbau, reuniu centenas de amazonas que celebraram a rica cultura nordestina da cavalgada pelas ruas e estradas do munic\u00edpio.<\/p>\n\n\n<div class=\"wp-block-image\">\n<figure class=\"aligncenter size-large\"><img loading=\"lazy\" decoding=\"async\" width=\"1024\" height=\"683\" src=\"https:\/\/www.saloanoticias.com\/v1\/wp-content\/uploads\/2025\/05\/dbbc34d5-742c-4612-b407-75a34ab5bb35-1024x683.jpeg\" alt=\"\" class=\"wp-image-28562\" srcset=\"https:\/\/www.saloanoticias.com\/v1\/wp-content\/uploads\/2025\/05\/dbbc34d5-742c-4612-b407-75a34ab5bb35-1024x683.jpeg 1024w, https:\/\/www.saloanoticias.com\/v1\/wp-content\/uploads\/2025\/05\/dbbc34d5-742c-4612-b407-75a34ab5bb35-300x200.jpeg 300w, https:\/\/www.saloanoticias.com\/v1\/wp-content\/uploads\/2025\/05\/dbbc34d5-742c-4612-b407-75a34ab5bb35-768x512.jpeg 768w, https:\/\/www.saloanoticias.com\/v1\/wp-content\/uploads\/2025\/05\/dbbc34d5-742c-4612-b407-75a34ab5bb35-1536x1024.jpeg 1536w, https:\/\/www.saloanoticias.com\/v1\/wp-content\/uploads\/2025\/05\/dbbc34d5-742c-4612-b407-75a34ab5bb35-2048x1365.jpeg 2048w\" sizes=\"auto, (max-width: 1024px) 100vw, 1024px\" \/><\/figure>\n<\/div>\n\n\n<p>Desde as primeiras horas da manh\u00e3, o S\u00edtio Catimbau se tornou o ponto de encontro de mulheres de todas as idades, unidas pela paix\u00e3o pelos cavalos e pelo desejo de celebrar a for\u00e7a feminina no universo da cavalgada.<\/p>\n\n\n\n<p>Montadas em seus animais adornados, as amazonas deram um show de eleg\u00e2ncia e destreza, colorindo a paisagem com seus trajes t\u00edpicos e contagiando a todos com sua alegria. A cavalgada percorreu um trajeto animado pelas cantoras Kelly Rold\u00e3o e Emily Vaqueira que culminou na Escola de Refer\u00eancia em Ensino M\u00e9dio (EREM) Monsenhor Jo\u00e3o Marques, onde uma grande feijoada e estrutura aguardava as participantes e o p\u00fablico presente.<\/p>\n\n\n<div class=\"wp-block-image\">\n<figure class=\"aligncenter size-large\"><img loading=\"lazy\" decoding=\"async\" width=\"683\" height=\"1024\" src=\"https:\/\/www.saloanoticias.com\/v1\/wp-content\/uploads\/2025\/05\/99b1899b-0597-47ea-8bbc-9bb20d078e36-683x1024.jpeg\" alt=\"\" class=\"wp-image-28563\" srcset=\"https:\/\/www.saloanoticias.com\/v1\/wp-content\/uploads\/2025\/05\/99b1899b-0597-47ea-8bbc-9bb20d078e36-683x1024.jpeg 683w, https:\/\/www.saloanoticias.com\/v1\/wp-content\/uploads\/2025\/05\/99b1899b-0597-47ea-8bbc-9bb20d078e36-200x300.jpeg 200w, https:\/\/www.saloanoticias.com\/v1\/wp-content\/uploads\/2025\/05\/99b1899b-0597-47ea-8bbc-9bb20d078e36-768x1152.jpeg 768w, https:\/\/www.saloanoticias.com\/v1\/wp-content\/uploads\/2025\/05\/99b1899b-0597-47ea-8bbc-9bb20d078e36-1024x1536.jpeg 1024w, https:\/\/www.saloanoticias.com\/v1\/wp-content\/uploads\/2025\/05\/99b1899b-0597-47ea-8bbc-9bb20d078e36-1365x2048.jpeg 1365w, https:\/\/www.saloanoticias.com\/v1\/wp-content\/uploads\/2025\/05\/99b1899b-0597-47ea-8bbc-9bb20d078e36-scaled.jpeg 1706w\" sizes=\"auto, (max-width: 683px) 100vw, 683px\" \/><\/figure>\n<\/div>\n\n\n<p>O local se transformou em um palco de diversas apresenta\u00e7\u00f5es art\u00edsticas, valorizando a cultura local e proporcionando momentos de lazer e entretenimento para todos. O evento contou com o apoio incondicional da Prefeitura de Salo\u00e1, que reconheceu a import\u00e2ncia da iniciativa da Associa\u00e7\u00e3o das Mulheres Fortes do Catimbau em promover a cultura nordestina e fortalecer o protagonismo feminino no munic\u00edpio.<\/p>\n\n\n<div class=\"wp-block-image\">\n<figure class=\"aligncenter size-full\"><img loading=\"lazy\" decoding=\"async\" width=\"968\" height=\"806\" src=\"https:\/\/www.saloanoticias.com\/v1\/wp-content\/uploads\/2025\/05\/b67d94e6-875c-4a31-9754-cc722db73d6a.jpeg\" alt=\"\" class=\"wp-image-28564\" srcset=\"https:\/\/www.saloanoticias.com\/v1\/wp-content\/uploads\/2025\/05\/b67d94e6-875c-4a31-9754-cc722db73d6a.jpeg 968w, https:\/\/www.saloanoticias.com\/v1\/wp-content\/uploads\/2025\/05\/b67d94e6-875c-4a31-9754-cc722db73d6a-300x250.jpeg 300w, https:\/\/www.saloanoticias.com\/v1\/wp-content\/uploads\/2025\/05\/b67d94e6-875c-4a31-9754-cc722db73d6a-768x639.jpeg 768w\" sizes=\"auto, (max-width: 968px) 100vw, 968px\" \/><\/figure>\n<\/div>\n\n\n<p>A parceria entre a associa\u00e7\u00e3o e a gest\u00e3o municipal foi fundamental para o sucesso da 5\u00aa Cavalgada Feminina. A expressiva participa\u00e7\u00e3o de centenas de amazonas demonstra a for\u00e7a e a representatividade das mulheres no cen\u00e1rio cultural de Salo\u00e1, reafirmando a import\u00e2ncia da cavalgada como uma tradi\u00e7\u00e3o viva e pulsante no Nordeste.<\/p>\n\n\n\n<p>Segundo Lib\u00e2nea Miranda, organizadora da festa, o evento foi um verdadeiro sucesso e as amazonas j\u00e1 se preparam para a 6\u00aa edi\u00e7\u00e3o da Cavalgada que acontecer\u00e1 em 2026. A celebra\u00e7\u00e3o no EREM Monsenhor Jo\u00e3o Marques coroou um dia de festa, uni\u00e3o e exalta\u00e7\u00e3o da cultura local, deixando a expectativa para as pr\u00f3ximas edi\u00e7\u00f5es deste evento que j\u00e1 se tornou um marco no calend\u00e1rio de Salo\u00e1.<\/p>\n\n\n\n<p>Quem fechou a noite com chave de ouro foi a dupla Edy e Natan, al\u00e9m de Mailson Vaqueiro.<\/p>\n\n\n<div class=\"wp-block-image\">\n<figure class=\"aligncenter size-large\"><img loading=\"lazy\" decoding=\"async\" width=\"1024\" height=\"683\" src=\"https:\/\/www.saloanoticias.com\/v1\/wp-content\/uploads\/2025\/05\/cc761100-e584-495a-b3c0-88aceefa41a3-1024x683.jpeg\" alt=\"\" class=\"wp-image-28565\" srcset=\"https:\/\/www.saloanoticias.com\/v1\/wp-content\/uploads\/2025\/05\/cc761100-e584-495a-b3c0-88aceefa41a3-1024x683.jpeg 1024w, https:\/\/www.saloanoticias.com\/v1\/wp-content\/uploads\/2025\/05\/cc761100-e584-495a-b3c0-88aceefa41a3-300x200.jpeg 300w, https:\/\/www.saloanoticias.com\/v1\/wp-content\/uploads\/2025\/05\/cc761100-e584-495a-b3c0-88aceefa41a3-768x512.jpeg 768w, https:\/\/www.saloanoticias.com\/v1\/wp-content\/uploads\/2025\/05\/cc761100-e584-495a-b3c0-88aceefa41a3-1536x1024.jpeg 1536w, https:\/\/www.saloanoticias.com\/v1\/wp-content\/uploads\/2025\/05\/cc761100-e584-495a-b3c0-88aceefa41a3-2048x1365.jpeg 2048w\" sizes=\"auto, (max-width: 1024px) 100vw, 1024px\" \/><\/figure>\n<\/div><div style=\"margin-top: 0px; margin-bottom: 0px;\" class=\"sharethis-inline-share-buttons\" ><\/div>","protected":false},"excerpt":{"rendered":"<p>O domingo, 18 de maio de 2025, foi marcado por um espet\u00e1culo de for\u00e7a, beleza e tradi\u00e7\u00e3o em Salo\u00e1, com a realiza\u00e7\u00e3o da 5\u00aa Cavalgada Feminina. O evento, promovido pela aguerrida Associa\u00e7\u00e3o das Mulheres Fortes do s\u00edtio Catimbau, reuniu centenas de amazonas que celebraram a rica cultura nordestina da cavalgada pelas ruas e estradas do [&hellip;]<\/p>\n","protected":false},"author":1,"featured_media":28561,"comment_status":"closed","ping_status":"closed","sticky":false,"template":"","format":"standard","meta":{"footnotes":""},"categories":[21],"tags":[22],"class_list":["post-28559","post","type-post","status-publish","format-standard","has-post-thumbnail","hentry","category-cidade","tag-destaques"],"_links":{"self":[{"href":"https:\/\/www.saloanoticias.com\/v1\/wp-json\/wp\/v2\/posts\/28559","targetHints":{"allow":["GET"]}}],"collection":[{"href":"https:\/\/www.saloanoticias.com\/v1\/wp-json\/wp\/v2\/posts"}],"about":[{"href":"https:\/\/www.saloanoticias.com\/v1\/wp-json\/wp\/v2\/types\/post"}],"author":[{"embeddable":true,"href":"https:\/\/www.saloanoticias.com\/v1\/wp-json\/wp\/v2\/users\/1"}],"replies":[{"embeddable":true,"href":"https:\/\/www.saloanoticias.com\/v1\/wp-json\/wp\/v2\/comments?post=28559"}],"version-history":[{"count":6,"href":"https:\/\/www.saloanoticias.com\/v1\/wp-json\/wp\/v2\/posts\/28559\/revisions"}],"predecessor-version":[{"id":28601,"href":"https:\/\/www.saloanoticias.com\/v1\/wp-json\/wp\/v2\/posts\/28559\/revisions\/28601"}],"wp:featuredmedia":[{"embeddable":true,"href":"https:\/\/www.saloanoticias.com\/v1\/wp-json\/wp\/v2\/media\/28561"}],"wp:attachment":[{"href":"https:\/\/www.saloanoticias.com\/v1\/wp-json\/wp\/v2\/media?parent=28559"}],"wp:term":[{"taxonomy":"category","embeddable":true,"href":"https:\/\/www.saloanoticias.com\/v1\/wp-json\/wp\/v2\/categories?post=28559"},{"taxonomy":"post_tag","embeddable":true,"href":"https:\/\/www.saloanoticias.com\/v1\/wp-json\/wp\/v2\/tags?post=28559"}],"curies":[{"name":"wp","href":"https:\/\/api.w.org\/{rel}","templated":true}]}}