{"id":28545,"date":"2025-05-17T11:35:09","date_gmt":"2025-05-17T14:35:09","guid":{"rendered":"https:\/\/www.saloanoticias.com\/v1\/?p=28545"},"modified":"2025-05-18T17:57:15","modified_gmt":"2025-05-18T20:57:15","slug":"saloa-corre-forte-contra-a-exploracao-sexual-infantil-em-1a-edicao-da-faca-bonito","status":"publish","type":"post","link":"https:\/\/www.saloanoticias.com\/v1\/saloa-corre-forte-contra-a-exploracao-sexual-infantil-em-1a-edicao-da-faca-bonito\/","title":{"rendered":"Salo\u00e1 corre forte contra a explora\u00e7\u00e3o sexual infantil em 1\u00aa edi\u00e7\u00e3o da &#8220;Fa\u00e7a Bonito&#8221;"},"content":{"rendered":"\n<p>A noite desta sexta-feira, 16 de maio de 2025, foi marcada por uma onda de energia e conscientiza\u00e7\u00e3o em Salo\u00e1, com a realiza\u00e7\u00e3o da 1\u00aa Corrida Fa\u00e7a Bonito Contra a Explora\u00e7\u00e3o Sexual de Crian\u00e7as e Adolescentes.<\/p>\n\n\n<div class=\"wp-block-image\">\n<figure class=\"aligncenter size-large\"><img loading=\"lazy\" decoding=\"async\" width=\"1024\" height=\"577\" src=\"https:\/\/www.saloanoticias.com\/v1\/wp-content\/uploads\/2025\/05\/42f462ce-8ff0-48cd-a32f-61b3e3028fe4-1024x577.jpeg\" alt=\"\" class=\"wp-image-28549\" srcset=\"https:\/\/www.saloanoticias.com\/v1\/wp-content\/uploads\/2025\/05\/42f462ce-8ff0-48cd-a32f-61b3e3028fe4-1024x577.jpeg 1024w, https:\/\/www.saloanoticias.com\/v1\/wp-content\/uploads\/2025\/05\/42f462ce-8ff0-48cd-a32f-61b3e3028fe4-300x169.jpeg 300w, https:\/\/www.saloanoticias.com\/v1\/wp-content\/uploads\/2025\/05\/42f462ce-8ff0-48cd-a32f-61b3e3028fe4-768x432.jpeg 768w, https:\/\/www.saloanoticias.com\/v1\/wp-content\/uploads\/2025\/05\/42f462ce-8ff0-48cd-a32f-61b3e3028fe4-1536x865.jpeg 1536w, https:\/\/www.saloanoticias.com\/v1\/wp-content\/uploads\/2025\/05\/42f462ce-8ff0-48cd-a32f-61b3e3028fe4-2048x1153.jpeg 2048w\" sizes=\"auto, (max-width: 1024px) 100vw, 1024px\" \/><\/figure>\n<\/div>\n\n\n<p>O evento, organizado pela Prefeitura Municipal com o apoio da Secretaria de Esportes, reuniu mais de 400 inscritos que percorreram um trajeto urbano de 4 quil\u00f4metros em prol desta importante causa.<\/p>\n\n\n<div class=\"wp-block-image\">\n<figure class=\"aligncenter size-large\"><img loading=\"lazy\" decoding=\"async\" width=\"1024\" height=\"678\" src=\"https:\/\/www.saloanoticias.com\/v1\/wp-content\/uploads\/2025\/05\/IMG_6227-1024x678.jpeg\" alt=\"\" class=\"wp-image-28550\" srcset=\"https:\/\/www.saloanoticias.com\/v1\/wp-content\/uploads\/2025\/05\/IMG_6227-1024x678.jpeg 1024w, https:\/\/www.saloanoticias.com\/v1\/wp-content\/uploads\/2025\/05\/IMG_6227-300x199.jpeg 300w, https:\/\/www.saloanoticias.com\/v1\/wp-content\/uploads\/2025\/05\/IMG_6227-768x509.jpeg 768w, https:\/\/www.saloanoticias.com\/v1\/wp-content\/uploads\/2025\/05\/IMG_6227-1536x1017.jpeg 1536w, https:\/\/www.saloanoticias.com\/v1\/wp-content\/uploads\/2025\/05\/IMG_6227-2048x1356.jpeg 2048w\" sizes=\"auto, (max-width: 1024px) 100vw, 1024px\" \/><\/figure>\n<\/div>\n\n\n<p>A largada, que aconteceu no CREAS (Centro de Refer\u00eancia Especializado de Assist\u00eancia Social), na Pra\u00e7a Agamenon Magalh\u00e3es, pulsou com a determina\u00e7\u00e3o dos participantes em levantar a voz contra a viol\u00eancia e a explora\u00e7\u00e3o de crian\u00e7as e adolescentes.<\/p>\n\n\n<div class=\"wp-block-image\">\n<figure class=\"aligncenter size-large\"><img loading=\"lazy\" decoding=\"async\" width=\"1024\" height=\"576\" src=\"https:\/\/www.saloanoticias.com\/v1\/wp-content\/uploads\/2025\/05\/IMG_6231-1024x576.jpeg\" alt=\"\" class=\"wp-image-28551\" srcset=\"https:\/\/www.saloanoticias.com\/v1\/wp-content\/uploads\/2025\/05\/IMG_6231-1024x576.jpeg 1024w, https:\/\/www.saloanoticias.com\/v1\/wp-content\/uploads\/2025\/05\/IMG_6231-300x169.jpeg 300w, https:\/\/www.saloanoticias.com\/v1\/wp-content\/uploads\/2025\/05\/IMG_6231-768x432.jpeg 768w, https:\/\/www.saloanoticias.com\/v1\/wp-content\/uploads\/2025\/05\/IMG_6231-1536x864.jpeg 1536w, https:\/\/www.saloanoticias.com\/v1\/wp-content\/uploads\/2025\/05\/IMG_6231-2048x1152.jpeg 2048w\" sizes=\"auto, (max-width: 1024px) 100vw, 1024px\" \/><\/figure>\n<\/div>\n\n\n<p>A corrida se transformou em um ato simb\u00f3lico de compromisso da comunidade com a prote\u00e7\u00e3o dos jovens. Ao longo do percurso, os corredores contaram com tr\u00eas pontos de apoio estrategicamente posicionados, garantindo hidrata\u00e7\u00e3o e seguran\u00e7a para os atletas.<\/p>\n\n\n<div class=\"wp-block-image\">\n<figure class=\"aligncenter size-large\"><img loading=\"lazy\" decoding=\"async\" width=\"1024\" height=\"576\" src=\"https:\/\/www.saloanoticias.com\/v1\/wp-content\/uploads\/2025\/05\/IMG_6229-1024x576.jpeg\" alt=\"\" class=\"wp-image-28552\" srcset=\"https:\/\/www.saloanoticias.com\/v1\/wp-content\/uploads\/2025\/05\/IMG_6229-1024x576.jpeg 1024w, https:\/\/www.saloanoticias.com\/v1\/wp-content\/uploads\/2025\/05\/IMG_6229-300x169.jpeg 300w, https:\/\/www.saloanoticias.com\/v1\/wp-content\/uploads\/2025\/05\/IMG_6229-768x432.jpeg 768w, https:\/\/www.saloanoticias.com\/v1\/wp-content\/uploads\/2025\/05\/IMG_6229-1536x864.jpeg 1536w, https:\/\/www.saloanoticias.com\/v1\/wp-content\/uploads\/2025\/05\/IMG_6229-2048x1152.jpeg 2048w\" sizes=\"auto, (max-width: 1024px) 100vw, 1024px\" \/><\/figure>\n<\/div>\n\n\n<p>A adrenalina e o esp\u00edrito de supera\u00e7\u00e3o marcaram a competi\u00e7\u00e3o, que tamb\u00e9m promoveu a sa\u00fade e o bem-estar dos participantes. Na disputa acirrada, o saloaense Lucas do Ara\u00e7\u00e1 cruzou a linha de chegada em primeiro lugar na categoria geral masculina, sendo ovacionado pelo p\u00fablico presente.<\/p>\n\n\n<div class=\"wp-block-image\">\n<figure class=\"aligncenter size-large is-resized\"><img loading=\"lazy\" decoding=\"async\" width=\"576\" height=\"1024\" src=\"https:\/\/www.saloanoticias.com\/v1\/wp-content\/uploads\/2025\/05\/IMG_6228-576x1024.jpeg\" alt=\"\" class=\"wp-image-28553\" style=\"width:764px;height:auto\" srcset=\"https:\/\/www.saloanoticias.com\/v1\/wp-content\/uploads\/2025\/05\/IMG_6228-576x1024.jpeg 576w, https:\/\/www.saloanoticias.com\/v1\/wp-content\/uploads\/2025\/05\/IMG_6228-169x300.jpeg 169w, https:\/\/www.saloanoticias.com\/v1\/wp-content\/uploads\/2025\/05\/IMG_6228-768x1365.jpeg 768w, https:\/\/www.saloanoticias.com\/v1\/wp-content\/uploads\/2025\/05\/IMG_6228-864x1536.jpeg 864w, https:\/\/www.saloanoticias.com\/v1\/wp-content\/uploads\/2025\/05\/IMG_6228-1152x2048.jpeg 1152w, https:\/\/www.saloanoticias.com\/v1\/wp-content\/uploads\/2025\/05\/IMG_6228-scaled.jpeg 1440w\" sizes=\"auto, (max-width: 576px) 100vw, 576px\" \/><\/figure>\n<\/div>\n\n\n<p>Entre as mulheres, a vit\u00f3ria ficou com Gabriela Alves, que demonstrou garra e preparo f\u00edsico. A premia\u00e7\u00e3o dos vencedores foi um momento de reconhecimento e celebra\u00e7\u00e3o do esfor\u00e7o de todos. O sucesso da 1\u00aa Corrida Fa\u00e7a Bonito em Salo\u00e1 superou as expectativas dos organizadores, que j\u00e1 vislumbram uma edi\u00e7\u00e3o ainda maior no pr\u00f3ximo ano.<\/p>\n\n\n<div class=\"wp-block-image\">\n<figure class=\"aligncenter size-large\"><img loading=\"lazy\" decoding=\"async\" width=\"1024\" height=\"576\" src=\"https:\/\/www.saloanoticias.com\/v1\/wp-content\/uploads\/2025\/05\/IMG_6230-1024x576.jpeg\" alt=\"\" class=\"wp-image-28554\" srcset=\"https:\/\/www.saloanoticias.com\/v1\/wp-content\/uploads\/2025\/05\/IMG_6230-1024x576.jpeg 1024w, https:\/\/www.saloanoticias.com\/v1\/wp-content\/uploads\/2025\/05\/IMG_6230-300x169.jpeg 300w, https:\/\/www.saloanoticias.com\/v1\/wp-content\/uploads\/2025\/05\/IMG_6230-768x432.jpeg 768w, https:\/\/www.saloanoticias.com\/v1\/wp-content\/uploads\/2025\/05\/IMG_6230-1536x864.jpeg 1536w, https:\/\/www.saloanoticias.com\/v1\/wp-content\/uploads\/2025\/05\/IMG_6230-2048x1152.jpeg 2048w\" sizes=\"auto, (max-width: 1024px) 100vw, 1024px\" \/><\/figure>\n<\/div>\n\n\n<p>A expressiva participa\u00e7\u00e3o da comunidade demonstra a sensibilidade da popula\u00e7\u00e3o local em rela\u00e7\u00e3o a esta causa crucial e o potencial do evento para se consolidar como uma importante a\u00e7\u00e3o de conscientiza\u00e7\u00e3o e mobiliza\u00e7\u00e3o no munic\u00edpio.<\/p>\n\n\n\n<p>A noite de esporte e engajamento social deixou uma mensagem clara: Salo\u00e1 est\u00e1 unida na luta contra a explora\u00e7\u00e3o sexual de crian\u00e7as e adolescentes.<\/p>\n<div style=\"margin-top: 0px; margin-bottom: 0px;\" class=\"sharethis-inline-share-buttons\" ><\/div>","protected":false},"excerpt":{"rendered":"<p>A noite desta sexta-feira, 16 de maio de 2025, foi marcada por uma onda de energia e conscientiza\u00e7\u00e3o em Salo\u00e1, com a realiza\u00e7\u00e3o da 1\u00aa Corrida Fa\u00e7a Bonito Contra a Explora\u00e7\u00e3o Sexual de Crian\u00e7as e Adolescentes. O evento, organizado pela Prefeitura Municipal com o apoio da Secretaria de Esportes, reuniu mais de 400 inscritos que [&hellip;]<\/p>\n","protected":false},"author":1,"featured_media":28547,"comment_status":"closed","ping_status":"closed","sticky":false,"template":"","format":"standard","meta":{"footnotes":""},"categories":[27],"tags":[22],"class_list":["post-28545","post","type-post","status-publish","format-standard","has-post-thumbnail","hentry","category-esportes","tag-destaques"],"_links":{"self":[{"href":"https:\/\/www.saloanoticias.com\/v1\/wp-json\/wp\/v2\/posts\/28545","targetHints":{"allow":["GET"]}}],"collection":[{"href":"https:\/\/www.saloanoticias.com\/v1\/wp-json\/wp\/v2\/posts"}],"about":[{"href":"https:\/\/www.saloanoticias.com\/v1\/wp-json\/wp\/v2\/types\/post"}],"author":[{"embeddable":true,"href":"https:\/\/www.saloanoticias.com\/v1\/wp-json\/wp\/v2\/users\/1"}],"replies":[{"embeddable":true,"href":"https:\/\/www.saloanoticias.com\/v1\/wp-json\/wp\/v2\/comments?post=28545"}],"version-history":[{"count":5,"href":"https:\/\/www.saloanoticias.com\/v1\/wp-json\/wp\/v2\/posts\/28545\/revisions"}],"predecessor-version":[{"id":28558,"href":"https:\/\/www.saloanoticias.com\/v1\/wp-json\/wp\/v2\/posts\/28545\/revisions\/28558"}],"wp:featuredmedia":[{"embeddable":true,"href":"https:\/\/www.saloanoticias.com\/v1\/wp-json\/wp\/v2\/media\/28547"}],"wp:attachment":[{"href":"https:\/\/www.saloanoticias.com\/v1\/wp-json\/wp\/v2\/media?parent=28545"}],"wp:term":[{"taxonomy":"category","embeddable":true,"href":"https:\/\/www.saloanoticias.com\/v1\/wp-json\/wp\/v2\/categories?post=28545"},{"taxonomy":"post_tag","embeddable":true,"href":"https:\/\/www.saloanoticias.com\/v1\/wp-json\/wp\/v2\/tags?post=28545"}],"curies":[{"name":"wp","href":"https:\/\/api.w.org\/{rel}","templated":true}]}}