{"id":28542,"date":"2025-05-17T11:21:17","date_gmt":"2025-05-17T14:21:17","guid":{"rendered":"https:\/\/www.saloanoticias.com\/v1\/?p=28542"},"modified":"2025-05-17T11:22:29","modified_gmt":"2025-05-17T14:22:29","slug":"saloa-reforca-frota-com-retroescavadeira-destinada-pelo-senador-fernando-dueire","status":"publish","type":"post","link":"https:\/\/www.saloanoticias.com\/v1\/saloa-reforca-frota-com-retroescavadeira-destinada-pelo-senador-fernando-dueire\/","title":{"rendered":"Salo\u00e1 refor\u00e7a frota com retroescavadeira destinada pelo Senador Fernando Dueire"},"content":{"rendered":"\n<p>O munic\u00edpio de Salo\u00e1, no Agreste de Pernambuco, recebeu nesta sexta-feira (16) um importante refor\u00e7o para sua frota de equipamentos. O prefeito J\u00fanior de Rivaldo esteve no dep\u00f3sito da Companhia Nacional de Abastecimento (Conab) no Recife para receber uma retroescavadeira, fruto de uma destina\u00e7\u00e3o do senador Fernando Dueire.<\/p>\n\n\n\n<p>A conquista do novo equipamento \u00e9 vista pela administra\u00e7\u00e3o municipal como um significativo avan\u00e7o para atender \u00e0s demandas da popula\u00e7\u00e3o de Salo\u00e1. Segundo o prefeito J\u00fanior de Rivaldo, a retroescavadeira ser\u00e1 fundamental para a realiza\u00e7\u00e3o de diversas obras e servi\u00e7os essenciais no munic\u00edpio, beneficiando diretamente a qualidade de vida dos moradores, principalmente dos agricultores.<\/p>\n\n\n\n<p>&#8220;Essa retroescavadeira, destinada pelo senador Fernando Dueire, chega em um momento muito importante para Salo\u00e1. Ela nos permitir\u00e1 intensificar os trabalhos de infraestrutura, como recupera\u00e7\u00e3o de estradas vicinais, limpeza urbana, apoio \u00e0 agricultura familiar e outras a\u00e7\u00f5es que impactam positivamente a vida da nossa popula\u00e7\u00e3o&#8221;, destacou o prefeito J\u00fanior de Rivaldo.<\/p>\n\n\n\n<p>O equipamento, de grande porte e versatilidade, ampliar\u00e1 a capacidade de atua\u00e7\u00e3o da prefeitura em diversas \u00e1reas, otimizando o tempo de resposta \u00e0s necessidades da comunidade e contribuindo para o desenvolvimento do munic\u00edpio.<\/p>\n\n\n\n<p>A articula\u00e7\u00e3o do senador Fernando Dueire em destinar a retroescavadeira para Salo\u00e1 demonstra o compromisso do parlamentar com o desenvolvimento dos munic\u00edpios pernambucanos. A chegada da retroescavadeira representa mais um investimento da gest\u00e3o J\u00fanior de Rivaldo em busca de melhorias para Salo\u00e1, fortalecendo a infraestrutura e a capacidade de atendimento \u00e0s demandas da popula\u00e7\u00e3o.<\/p>\n\n\n\n<p>A expectativa \u00e9 que o equipamento entre em opera\u00e7\u00e3o o mais breve poss\u00edvel, trazendo benef\u00edcios concretos para o dia a dia dos cidad\u00e3os saloaenses.<\/p>\n<div style=\"margin-top: 0px; margin-bottom: 0px;\" class=\"sharethis-inline-share-buttons\" ><\/div>","protected":false},"excerpt":{"rendered":"<p>O munic\u00edpio de Salo\u00e1, no Agreste de Pernambuco, recebeu nesta sexta-feira (16) um importante refor\u00e7o para sua frota de equipamentos. O prefeito J\u00fanior de Rivaldo esteve no dep\u00f3sito da Companhia Nacional de Abastecimento (Conab) no Recife para receber uma retroescavadeira, fruto de uma destina\u00e7\u00e3o do senador Fernando Dueire. A conquista do novo equipamento \u00e9 vista [&hellip;]<\/p>\n","protected":false},"author":1,"featured_media":28544,"comment_status":"closed","ping_status":"closed","sticky":false,"template":"","format":"standard","meta":{"footnotes":""},"categories":[21],"tags":[22],"class_list":["post-28542","post","type-post","status-publish","format-standard","has-post-thumbnail","hentry","category-cidade","tag-destaques"],"_links":{"self":[{"href":"https:\/\/www.saloanoticias.com\/v1\/wp-json\/wp\/v2\/posts\/28542","targetHints":{"allow":["GET"]}}],"collection":[{"href":"https:\/\/www.saloanoticias.com\/v1\/wp-json\/wp\/v2\/posts"}],"about":[{"href":"https:\/\/www.saloanoticias.com\/v1\/wp-json\/wp\/v2\/types\/post"}],"author":[{"embeddable":true,"href":"https:\/\/www.saloanoticias.com\/v1\/wp-json\/wp\/v2\/users\/1"}],"replies":[{"embeddable":true,"href":"https:\/\/www.saloanoticias.com\/v1\/wp-json\/wp\/v2\/comments?post=28542"}],"version-history":[{"count":1,"href":"https:\/\/www.saloanoticias.com\/v1\/wp-json\/wp\/v2\/posts\/28542\/revisions"}],"predecessor-version":[{"id":28543,"href":"https:\/\/www.saloanoticias.com\/v1\/wp-json\/wp\/v2\/posts\/28542\/revisions\/28543"}],"wp:featuredmedia":[{"embeddable":true,"href":"https:\/\/www.saloanoticias.com\/v1\/wp-json\/wp\/v2\/media\/28544"}],"wp:attachment":[{"href":"https:\/\/www.saloanoticias.com\/v1\/wp-json\/wp\/v2\/media?parent=28542"}],"wp:term":[{"taxonomy":"category","embeddable":true,"href":"https:\/\/www.saloanoticias.com\/v1\/wp-json\/wp\/v2\/categories?post=28542"},{"taxonomy":"post_tag","embeddable":true,"href":"https:\/\/www.saloanoticias.com\/v1\/wp-json\/wp\/v2\/tags?post=28542"}],"curies":[{"name":"wp","href":"https:\/\/api.w.org\/{rel}","templated":true}]}}