{"id":28533,"date":"2025-05-16T11:47:56","date_gmt":"2025-05-16T14:47:56","guid":{"rendered":"https:\/\/www.saloanoticias.com\/v1\/?p=28533"},"modified":"2025-05-16T11:57:30","modified_gmt":"2025-05-16T14:57:30","slug":"28533-2","status":"publish","type":"post","link":"https:\/\/www.saloanoticias.com\/v1\/28533-2\/","title":{"rendered":"Juventude de Salo\u00e1 e SENAC fecham parceria"},"content":{"rendered":"\n<p>Com o apoio do prefeito J\u00fanior de Rivaldo, consolidou-se a parceria entre o N\u00facleo de Juventude e SENAC, embasando o trabalho significativo que est\u00e1 acontecendo no \u00e2mbito juvenil na cidade nos \u00faltimos meses.<\/p>\n\n\n\n<p>O gestor de juventude Ewerton Silvestre junto ao gestor do SENAC &#8211; Agreste Meridional, Dimas Rocha, prometem trazer grandes a\u00e7\u00f5es para a juventude de Salo\u00e1. As primeiras a\u00e7\u00f5es j\u00e1 ser\u00e3o nos dias 26 e 28 de maio, com oficinas de imagem pessoal, que vai contemplar 60 jovens, inicialmente.<\/p>\n\n\n\n<p>Oficinas, cursos e a\u00e7\u00f5es est\u00e3o no horizonte dos pensamentos quando se fala em melhorias e capacita\u00e7\u00e3o para a juventude. Assim, o N\u00facleo de Articula\u00e7\u00e3o da Juventude, \u00f3rg\u00e3o intersetorial do munic\u00edpio \u00e9 cada vez mais uma realidade para nossa gente, garantindo capacita\u00e7\u00e3o profissional, social e humana.<\/p>\n<div style=\"margin-top: 0px; margin-bottom: 0px;\" class=\"sharethis-inline-share-buttons\" ><\/div>","protected":false},"excerpt":{"rendered":"<p>Com o apoio do prefeito J\u00fanior de Rivaldo, consolidou-se a parceria entre o N\u00facleo de Juventude e SENAC, embasando o trabalho significativo que est\u00e1 acontecendo no \u00e2mbito juvenil na cidade nos \u00faltimos meses. O gestor de juventude Ewerton Silvestre junto ao gestor do SENAC &#8211; Agreste Meridional, Dimas Rocha, prometem trazer grandes a\u00e7\u00f5es para a [&hellip;]<\/p>\n","protected":false},"author":1,"featured_media":28534,"comment_status":"closed","ping_status":"closed","sticky":false,"template":"","format":"standard","meta":{"footnotes":""},"categories":[21],"tags":[22],"class_list":["post-28533","post","type-post","status-publish","format-standard","has-post-thumbnail","hentry","category-cidade","tag-destaques"],"_links":{"self":[{"href":"https:\/\/www.saloanoticias.com\/v1\/wp-json\/wp\/v2\/posts\/28533","targetHints":{"allow":["GET"]}}],"collection":[{"href":"https:\/\/www.saloanoticias.com\/v1\/wp-json\/wp\/v2\/posts"}],"about":[{"href":"https:\/\/www.saloanoticias.com\/v1\/wp-json\/wp\/v2\/types\/post"}],"author":[{"embeddable":true,"href":"https:\/\/www.saloanoticias.com\/v1\/wp-json\/wp\/v2\/users\/1"}],"replies":[{"embeddable":true,"href":"https:\/\/www.saloanoticias.com\/v1\/wp-json\/wp\/v2\/comments?post=28533"}],"version-history":[{"count":4,"href":"https:\/\/www.saloanoticias.com\/v1\/wp-json\/wp\/v2\/posts\/28533\/revisions"}],"predecessor-version":[{"id":28541,"href":"https:\/\/www.saloanoticias.com\/v1\/wp-json\/wp\/v2\/posts\/28533\/revisions\/28541"}],"wp:featuredmedia":[{"embeddable":true,"href":"https:\/\/www.saloanoticias.com\/v1\/wp-json\/wp\/v2\/media\/28534"}],"wp:attachment":[{"href":"https:\/\/www.saloanoticias.com\/v1\/wp-json\/wp\/v2\/media?parent=28533"}],"wp:term":[{"taxonomy":"category","embeddable":true,"href":"https:\/\/www.saloanoticias.com\/v1\/wp-json\/wp\/v2\/categories?post=28533"},{"taxonomy":"post_tag","embeddable":true,"href":"https:\/\/www.saloanoticias.com\/v1\/wp-json\/wp\/v2\/tags?post=28533"}],"curies":[{"name":"wp","href":"https:\/\/api.w.org\/{rel}","templated":true}]}}