{"id":28526,"date":"2025-05-15T09:20:50","date_gmt":"2025-05-15T12:20:50","guid":{"rendered":"https:\/\/www.saloanoticias.com\/v1\/?p=28526"},"modified":"2025-05-15T09:21:50","modified_gmt":"2025-05-15T12:21:50","slug":"campanha-de-vacinacao-contra-a-influenza-segue-nos-postos-de-saude-apos-dia-d-em-praca-publica","status":"publish","type":"post","link":"https:\/\/www.saloanoticias.com\/v1\/campanha-de-vacinacao-contra-a-influenza-segue-nos-postos-de-saude-apos-dia-d-em-praca-publica\/","title":{"rendered":"Campanha de Vacina\u00e7\u00e3o Contra a Influenza segue nos postos de sa\u00fade ap\u00f3s Dia D em pra\u00e7a p\u00fablica"},"content":{"rendered":"\n<p>No \u00faltimo s\u00e1bado (10), foi realizado o Dia D da Campanha de Vacina\u00e7\u00e3o Contra a Influenza, na Pra\u00e7a de Eventos Agamenon Magalh\u00e3es. A mobiliza\u00e7\u00e3o reuniu dezenas de pessoas, com foco nos grupos priorit\u00e1rios definidos pelo Minist\u00e9rio da Sa\u00fade: crian\u00e7as de at\u00e9 6 anos, idosos e pessoas com comorbidades.<\/p>\n\n\n\n<p>A a\u00e7\u00e3o teve como objetivo ampliar a cobertura vacinal e facilitar o acesso da popula\u00e7\u00e3o \u00e0 imuniza\u00e7\u00e3o contra o v\u00edrus da gripe, especialmente entre aqueles com maior risco de complica\u00e7\u00f5es.<\/p>\n\n\n<div class=\"wp-block-image\">\n<figure class=\"aligncenter size-large\"><img loading=\"lazy\" decoding=\"async\" width=\"1024\" height=\"577\" src=\"https:\/\/www.saloanoticias.com\/v1\/wp-content\/uploads\/2025\/05\/5d4649c7-9940-44cc-b6ac-2c6e10ef2124-1024x577.jpeg\" alt=\"\" class=\"wp-image-28528\" srcset=\"https:\/\/www.saloanoticias.com\/v1\/wp-content\/uploads\/2025\/05\/5d4649c7-9940-44cc-b6ac-2c6e10ef2124-1024x577.jpeg 1024w, https:\/\/www.saloanoticias.com\/v1\/wp-content\/uploads\/2025\/05\/5d4649c7-9940-44cc-b6ac-2c6e10ef2124-300x169.jpeg 300w, https:\/\/www.saloanoticias.com\/v1\/wp-content\/uploads\/2025\/05\/5d4649c7-9940-44cc-b6ac-2c6e10ef2124-768x432.jpeg 768w, https:\/\/www.saloanoticias.com\/v1\/wp-content\/uploads\/2025\/05\/5d4649c7-9940-44cc-b6ac-2c6e10ef2124-1536x865.jpeg 1536w, https:\/\/www.saloanoticias.com\/v1\/wp-content\/uploads\/2025\/05\/5d4649c7-9940-44cc-b6ac-2c6e10ef2124-2048x1153.jpeg 2048w\" sizes=\"auto, (max-width: 1024px) 100vw, 1024px\" \/><\/figure>\n<\/div>\n\n\n<p>A campanha segue ao longo da semana em todos os postos de sa\u00fade do munic\u00edpio. A Secretaria de Sa\u00fade refor\u00e7a a import\u00e2ncia da vacina\u00e7\u00e3o como medida preventiva, lembrando que a vacina \u00e9 segura, gratuita e essencial para evitar casos graves e interna\u00e7\u00f5es.<\/p>\n\n\n<div class=\"wp-block-image\">\n<figure class=\"aligncenter size-large\"><img loading=\"lazy\" decoding=\"async\" width=\"1024\" height=\"577\" src=\"https:\/\/www.saloanoticias.com\/v1\/wp-content\/uploads\/2025\/05\/8aebb992-f581-42a6-b21a-a7e4201b2fd0-1024x577.jpeg\" alt=\"\" class=\"wp-image-28530\" srcset=\"https:\/\/www.saloanoticias.com\/v1\/wp-content\/uploads\/2025\/05\/8aebb992-f581-42a6-b21a-a7e4201b2fd0-1024x577.jpeg 1024w, https:\/\/www.saloanoticias.com\/v1\/wp-content\/uploads\/2025\/05\/8aebb992-f581-42a6-b21a-a7e4201b2fd0-300x169.jpeg 300w, https:\/\/www.saloanoticias.com\/v1\/wp-content\/uploads\/2025\/05\/8aebb992-f581-42a6-b21a-a7e4201b2fd0-768x432.jpeg 768w, https:\/\/www.saloanoticias.com\/v1\/wp-content\/uploads\/2025\/05\/8aebb992-f581-42a6-b21a-a7e4201b2fd0-1536x865.jpeg 1536w, https:\/\/www.saloanoticias.com\/v1\/wp-content\/uploads\/2025\/05\/8aebb992-f581-42a6-b21a-a7e4201b2fd0-2048x1153.jpeg 2048w\" sizes=\"auto, (max-width: 1024px) 100vw, 1024px\" \/><\/figure>\n<\/div>\n\n\n<p>A popula\u00e7\u00e3o apta deve procurar a unidade de sa\u00fade mais pr\u00f3xima, levando documento de identifica\u00e7\u00e3o e, se poss\u00edvel, a caderneta de vacina\u00e7\u00e3o.<\/p>\n\n\n<div class=\"wp-block-image\">\n<figure class=\"aligncenter size-large\"><img loading=\"lazy\" decoding=\"async\" width=\"1024\" height=\"577\" src=\"https:\/\/www.saloanoticias.com\/v1\/wp-content\/uploads\/2025\/05\/0344f443-e4af-40cb-af12-8a7fd51e9282-1024x577.jpeg\" alt=\"\" class=\"wp-image-28529\" srcset=\"https:\/\/www.saloanoticias.com\/v1\/wp-content\/uploads\/2025\/05\/0344f443-e4af-40cb-af12-8a7fd51e9282-1024x577.jpeg 1024w, https:\/\/www.saloanoticias.com\/v1\/wp-content\/uploads\/2025\/05\/0344f443-e4af-40cb-af12-8a7fd51e9282-300x169.jpeg 300w, https:\/\/www.saloanoticias.com\/v1\/wp-content\/uploads\/2025\/05\/0344f443-e4af-40cb-af12-8a7fd51e9282-768x432.jpeg 768w, https:\/\/www.saloanoticias.com\/v1\/wp-content\/uploads\/2025\/05\/0344f443-e4af-40cb-af12-8a7fd51e9282-1536x865.jpeg 1536w, https:\/\/www.saloanoticias.com\/v1\/wp-content\/uploads\/2025\/05\/0344f443-e4af-40cb-af12-8a7fd51e9282-2048x1153.jpeg 2048w\" sizes=\"auto, (max-width: 1024px) 100vw, 1024px\" \/><\/figure>\n<\/div><div style=\"margin-top: 0px; margin-bottom: 0px;\" class=\"sharethis-inline-share-buttons\" ><\/div>","protected":false},"excerpt":{"rendered":"<p>No \u00faltimo s\u00e1bado (10), foi realizado o Dia D da Campanha de Vacina\u00e7\u00e3o Contra a Influenza, na Pra\u00e7a de Eventos Agamenon Magalh\u00e3es. A mobiliza\u00e7\u00e3o reuniu dezenas de pessoas, com foco nos grupos priorit\u00e1rios definidos pelo Minist\u00e9rio da Sa\u00fade: crian\u00e7as de at\u00e9 6 anos, idosos e pessoas com comorbidades. A a\u00e7\u00e3o teve como objetivo ampliar a [&hellip;]<\/p>\n","protected":false},"author":1,"featured_media":28527,"comment_status":"closed","ping_status":"closed","sticky":false,"template":"","format":"standard","meta":{"footnotes":""},"categories":[18],"tags":[22],"class_list":["post-28526","post","type-post","status-publish","format-standard","has-post-thumbnail","hentry","category-saude","tag-destaques"],"_links":{"self":[{"href":"https:\/\/www.saloanoticias.com\/v1\/wp-json\/wp\/v2\/posts\/28526","targetHints":{"allow":["GET"]}}],"collection":[{"href":"https:\/\/www.saloanoticias.com\/v1\/wp-json\/wp\/v2\/posts"}],"about":[{"href":"https:\/\/www.saloanoticias.com\/v1\/wp-json\/wp\/v2\/types\/post"}],"author":[{"embeddable":true,"href":"https:\/\/www.saloanoticias.com\/v1\/wp-json\/wp\/v2\/users\/1"}],"replies":[{"embeddable":true,"href":"https:\/\/www.saloanoticias.com\/v1\/wp-json\/wp\/v2\/comments?post=28526"}],"version-history":[{"count":1,"href":"https:\/\/www.saloanoticias.com\/v1\/wp-json\/wp\/v2\/posts\/28526\/revisions"}],"predecessor-version":[{"id":28531,"href":"https:\/\/www.saloanoticias.com\/v1\/wp-json\/wp\/v2\/posts\/28526\/revisions\/28531"}],"wp:featuredmedia":[{"embeddable":true,"href":"https:\/\/www.saloanoticias.com\/v1\/wp-json\/wp\/v2\/media\/28527"}],"wp:attachment":[{"href":"https:\/\/www.saloanoticias.com\/v1\/wp-json\/wp\/v2\/media?parent=28526"}],"wp:term":[{"taxonomy":"category","embeddable":true,"href":"https:\/\/www.saloanoticias.com\/v1\/wp-json\/wp\/v2\/categories?post=28526"},{"taxonomy":"post_tag","embeddable":true,"href":"https:\/\/www.saloanoticias.com\/v1\/wp-json\/wp\/v2\/tags?post=28526"}],"curies":[{"name":"wp","href":"https:\/\/api.w.org\/{rel}","templated":true}]}}