{"id":28520,"date":"2025-05-14T15:47:25","date_gmt":"2025-05-14T18:47:25","guid":{"rendered":"https:\/\/www.saloanoticias.com\/v1\/?p=28520"},"modified":"2025-05-14T16:04:28","modified_gmt":"2025-05-14T19:04:28","slug":"acidente-entre-ambulancia-de-saloa-e-carreta-e-registrado-na-br-423-em-paranatama","status":"publish","type":"post","link":"https:\/\/www.saloanoticias.com\/v1\/acidente-entre-ambulancia-de-saloa-e-carreta-e-registrado-na-br-423-em-paranatama\/","title":{"rendered":"Acidente entre ambul\u00e2ncia de Salo\u00e1 e carreta \u00e9 registrado na BR-423, em Paranatama"},"content":{"rendered":"\n<p>Na manh\u00e3 desta quarta-feira (14), um acidente de tr\u00e2nsito envolvendo uma ambul\u00e2ncia da cidade de Salo\u00e1 e uma carreta foi registrado na BR-423, nas proximidades do munic\u00edpio de Paranatama, no Agreste de Pernambuco.<\/p>\n\n\n\n<p>Segundo informa\u00e7\u00f5es preliminares, o sinistro ocorreu por volta das 6:30h e mobilizou equipes de socorro da regi\u00e3o. A ambul\u00e2ncia, que seguia em dire\u00e7\u00e3o a Garanhuns, colidiu de lado com a carreta em circunst\u00e2ncias que ainda ser\u00e3o esclarecidas pelas autoridades competentes.<\/p>\n\n\n\n<p>A \u00fanica v\u00edtima foi o motorista da ambul\u00e2ncia, que sofreu um corte profundo na cabe\u00e7a. Ele foi prontamente socorrido e encaminhado ao hospital regional Dom Moura. De acordo com boletim m\u00e9dico, o condutor n\u00e3o corre risco de vida e seu estado de sa\u00fade \u00e9 est\u00e1vel.<\/p>\n\n\n\n<p>A Pol\u00edcia Rodovi\u00e1ria Federal esteve no local para controlar o tr\u00e1fego e iniciar a investiga\u00e7\u00e3o sobre as causas do acidente. O tr\u00e2nsito ficou parcialmente interditado durante o atendimento \u00e0 ocorr\u00eancia, mas j\u00e1 foi normalizado. As autoridades seguem apurando os detalhes do caso.<\/p>\n<div style=\"margin-top: 0px; margin-bottom: 0px;\" class=\"sharethis-inline-share-buttons\" ><\/div>","protected":false},"excerpt":{"rendered":"<p>Na manh\u00e3 desta quarta-feira (14), um acidente de tr\u00e2nsito envolvendo uma ambul\u00e2ncia da cidade de Salo\u00e1 e uma carreta foi registrado na BR-423, nas proximidades do munic\u00edpio de Paranatama, no Agreste de Pernambuco. Segundo informa\u00e7\u00f5es preliminares, o sinistro ocorreu por volta das 6:30h e mobilizou equipes de socorro da regi\u00e3o. A ambul\u00e2ncia, que seguia em [&hellip;]<\/p>\n","protected":false},"author":1,"featured_media":28521,"comment_status":"closed","ping_status":"closed","sticky":false,"template":"","format":"standard","meta":{"footnotes":""},"categories":[21],"tags":[22],"class_list":["post-28520","post","type-post","status-publish","format-standard","has-post-thumbnail","hentry","category-cidade","tag-destaques"],"_links":{"self":[{"href":"https:\/\/www.saloanoticias.com\/v1\/wp-json\/wp\/v2\/posts\/28520","targetHints":{"allow":["GET"]}}],"collection":[{"href":"https:\/\/www.saloanoticias.com\/v1\/wp-json\/wp\/v2\/posts"}],"about":[{"href":"https:\/\/www.saloanoticias.com\/v1\/wp-json\/wp\/v2\/types\/post"}],"author":[{"embeddable":true,"href":"https:\/\/www.saloanoticias.com\/v1\/wp-json\/wp\/v2\/users\/1"}],"replies":[{"embeddable":true,"href":"https:\/\/www.saloanoticias.com\/v1\/wp-json\/wp\/v2\/comments?post=28520"}],"version-history":[{"count":3,"href":"https:\/\/www.saloanoticias.com\/v1\/wp-json\/wp\/v2\/posts\/28520\/revisions"}],"predecessor-version":[{"id":28525,"href":"https:\/\/www.saloanoticias.com\/v1\/wp-json\/wp\/v2\/posts\/28520\/revisions\/28525"}],"wp:featuredmedia":[{"embeddable":true,"href":"https:\/\/www.saloanoticias.com\/v1\/wp-json\/wp\/v2\/media\/28521"}],"wp:attachment":[{"href":"https:\/\/www.saloanoticias.com\/v1\/wp-json\/wp\/v2\/media?parent=28520"}],"wp:term":[{"taxonomy":"category","embeddable":true,"href":"https:\/\/www.saloanoticias.com\/v1\/wp-json\/wp\/v2\/categories?post=28520"},{"taxonomy":"post_tag","embeddable":true,"href":"https:\/\/www.saloanoticias.com\/v1\/wp-json\/wp\/v2\/tags?post=28520"}],"curies":[{"name":"wp","href":"https:\/\/api.w.org\/{rel}","templated":true}]}}