{"id":28512,"date":"2025-05-13T09:44:52","date_gmt":"2025-05-13T12:44:52","guid":{"rendered":"https:\/\/www.saloanoticias.com\/v1\/?p=28512"},"modified":"2025-05-13T10:31:19","modified_gmt":"2025-05-13T13:31:19","slug":"saloa-conhece-projeto-da-nova-ubs-do-jaqueirao-em-apresentacao-feita-pelo-prefeito-junior-de-rivaldo","status":"publish","type":"post","link":"https:\/\/www.saloanoticias.com\/v1\/saloa-conhece-projeto-da-nova-ubs-do-jaqueirao-em-apresentacao-feita-pelo-prefeito-junior-de-rivaldo\/","title":{"rendered":"Salo\u00e1 conhece projeto da nova UBS do Jaqueir\u00e3o em apresenta\u00e7\u00e3o feita pelo prefeito J\u00fanior de Rivaldo"},"content":{"rendered":"\n<p>A comunidade do bairro Jaqueir\u00e3o, em Salo\u00e1, recebeu com entusiasmo a apresenta\u00e7\u00e3o do projeto arquitet\u00f4nico da nova Unidade B\u00e1sica de Sa\u00fade (UBS) que ser\u00e1 constru\u00edda na localidade. O prefeito J\u00fanior de Rivaldo realizou o evento de apresenta\u00e7\u00e3o no audit\u00f3rio da Escola S\u00e3o Vicente, reunindo o vice-prefeito, secret\u00e1rios municipais, vereadores e servidores da sa\u00fade, marcando um importante passo para a melhoria da infraestrutura de sa\u00fade do munic\u00edpio.<\/p>\n\n\n\n<p>Durante o evento, o gestor detalhou as instala\u00e7\u00f5es modernas e funcionais que a nova UBS do Jaqueir\u00e3o oferecer\u00e1, projetada para ampliar o acesso e a qualidade dos servi\u00e7os de aten\u00e7\u00e3o prim\u00e1ria \u00e0 sa\u00fade para os moradores do bairro.<\/p>\n\n\n\n<p>O projeto contempla consult\u00f3rios m\u00e9dicos e odontol\u00f3gicos, salas de vacina\u00e7\u00e3o, curativos, inala\u00e7\u00e3o, acolhimento, espa\u00e7os para agentes de sa\u00fade e endemias, al\u00e9m de \u00e1reas administrativas, visando um atendimento mais humanizado e eficiente.<\/p>\n\n\n\n<p>Na oportunidade, o prefeito J\u00fanior de Rivaldo tamb\u00e9m realizou a entrega de importantes ferramentas de trabalho para os agentes de sa\u00fade e endemias do munic\u00edpio. Foram distribu\u00eddos kits contendo materiais essenciais para o desempenho de suas fun\u00e7\u00f5es, al\u00e9m de tablets, que otimizar\u00e3o o registro de dados e o acompanhamento das fam\u00edlias assistidas.<\/p>\n\n\n\n<p>Essa a\u00e7\u00e3o demonstra o reconhecimento da gest\u00e3o municipal pelo trabalho fundamental desses profissionais na promo\u00e7\u00e3o da sa\u00fade e na preven\u00e7\u00e3o de doen\u00e7as na comunidade.<em> &#8220;Investir na sa\u00fade \u00e9 investir no bem-estar da nossa popula\u00e7\u00e3o.<\/em><\/p>\n\n\n\n<p><em>A nova UBS do Jaqueir\u00e3o \u00e9 um compromisso que estamos concretizando, oferecendo um espa\u00e7o digno e adequado para o atendimento dos moradores. Al\u00e9m disso, estamos fortalecendo o trabalho dos nossos agentes de sa\u00fade e endemias, que s\u00e3o pe\u00e7as chave na nossa rede de aten\u00e7\u00e3o prim\u00e1ria&#8221;<\/em>, destacou o prefeito J\u00fanior de Rivaldo durante a apresenta\u00e7\u00e3o.<\/p>\n\n\n\n<p>A iniciativa da Prefeitura de Salo\u00e1 em apresentar o projeto da nova UBS e em equipar os agentes de sa\u00fade e endemias demonstra o comprometimento da gest\u00e3o com a melhoria cont\u00ednua dos servi\u00e7os de sa\u00fade no munic\u00edpio.<\/p>\n\n\n\n<p>A constru\u00e7\u00e3o da nova unidade no Jaqueir\u00e3o representa um avan\u00e7o significativo para a comunidade local, que em breve contar\u00e1 com uma estrutura moderna e preparada para atender suas necessidades de sa\u00fade com mais qualidade e conforto.<\/p>\n<div style=\"margin-top: 0px; margin-bottom: 0px;\" class=\"sharethis-inline-share-buttons\" ><\/div>","protected":false},"excerpt":{"rendered":"<p>A comunidade do bairro Jaqueir\u00e3o, em Salo\u00e1, recebeu com entusiasmo a apresenta\u00e7\u00e3o do projeto arquitet\u00f4nico da nova Unidade B\u00e1sica de Sa\u00fade (UBS) que ser\u00e1 constru\u00edda na localidade. O prefeito J\u00fanior de Rivaldo realizou o evento de apresenta\u00e7\u00e3o no audit\u00f3rio da Escola S\u00e3o Vicente, reunindo o vice-prefeito, secret\u00e1rios municipais, vereadores e servidores da sa\u00fade, marcando um [&hellip;]<\/p>\n","protected":false},"author":1,"featured_media":28514,"comment_status":"closed","ping_status":"closed","sticky":false,"template":"","format":"standard","meta":{"footnotes":""},"categories":[18],"tags":[22],"class_list":["post-28512","post","type-post","status-publish","format-standard","has-post-thumbnail","hentry","category-saude","tag-destaques"],"_links":{"self":[{"href":"https:\/\/www.saloanoticias.com\/v1\/wp-json\/wp\/v2\/posts\/28512","targetHints":{"allow":["GET"]}}],"collection":[{"href":"https:\/\/www.saloanoticias.com\/v1\/wp-json\/wp\/v2\/posts"}],"about":[{"href":"https:\/\/www.saloanoticias.com\/v1\/wp-json\/wp\/v2\/types\/post"}],"author":[{"embeddable":true,"href":"https:\/\/www.saloanoticias.com\/v1\/wp-json\/wp\/v2\/users\/1"}],"replies":[{"embeddable":true,"href":"https:\/\/www.saloanoticias.com\/v1\/wp-json\/wp\/v2\/comments?post=28512"}],"version-history":[{"count":3,"href":"https:\/\/www.saloanoticias.com\/v1\/wp-json\/wp\/v2\/posts\/28512\/revisions"}],"predecessor-version":[{"id":28519,"href":"https:\/\/www.saloanoticias.com\/v1\/wp-json\/wp\/v2\/posts\/28512\/revisions\/28519"}],"wp:featuredmedia":[{"embeddable":true,"href":"https:\/\/www.saloanoticias.com\/v1\/wp-json\/wp\/v2\/media\/28514"}],"wp:attachment":[{"href":"https:\/\/www.saloanoticias.com\/v1\/wp-json\/wp\/v2\/media?parent=28512"}],"wp:term":[{"taxonomy":"category","embeddable":true,"href":"https:\/\/www.saloanoticias.com\/v1\/wp-json\/wp\/v2\/categories?post=28512"},{"taxonomy":"post_tag","embeddable":true,"href":"https:\/\/www.saloanoticias.com\/v1\/wp-json\/wp\/v2\/tags?post=28512"}],"curies":[{"name":"wp","href":"https:\/\/api.w.org\/{rel}","templated":true}]}}