{"id":28498,"date":"2025-05-11T19:48:13","date_gmt":"2025-05-11T22:48:13","guid":{"rendered":"https:\/\/www.saloanoticias.com\/v1\/?p=28498"},"modified":"2025-05-11T19:52:33","modified_gmt":"2025-05-11T22:52:33","slug":"estado-de-saude-da-crianca-ferida-em-acidente-e-estavel-no-hospital-da-restauracao","status":"publish","type":"post","link":"https:\/\/www.saloanoticias.com\/v1\/estado-de-saude-da-crianca-ferida-em-acidente-e-estavel-no-hospital-da-restauracao\/","title":{"rendered":"Estado de sa\u00fade da crian\u00e7a ferida em acidente \u00e9 est\u00e1vel no Hospital da Restaura\u00e7\u00e3o"},"content":{"rendered":"\n<p>Segue sob cuidados m\u00e9dicos no Hospital da Restaura\u00e7\u00e3o (HR), em Recife, a crian\u00e7a de iniciais I.F.F que ficou ferida no grave acidente envolvendo duas motocicletas no \u00faltimo s\u00e1bado, 10 de maio de 2025, na estrada que liga Salo\u00e1 \u00e0 vila de Iatec\u00e1. O sinistro resultou na perda tr\u00e1gica de duas vidas.<\/p>\n\n\n\n<p>Inicialmente socorrida e encaminhada ao Hospital Regional de Arcoverde (HRA), a crian\u00e7a precisou ser transferida para o Hospital da Restaura\u00e7\u00e3o, unidade de refer\u00eancia em traumatologia e que conta com m\u00e9dico especialista em buco maxilo facial.<\/p>\n\n\n\n<p>A transfer\u00eancia se deu devido \u00e0 necessidade de avalia\u00e7\u00e3o e tratamento espec\u00edfico para as les\u00f5es sofridas na regi\u00e3o da face e boca. Segundo as \u00faltimas informa\u00e7\u00f5es apuradas por este Blog, o estado de sa\u00fade da crian\u00e7a \u00e9 considerado est\u00e1vel.<\/p>\n\n\n\n<p>A equipe m\u00e9dica do Hospital da Restaura\u00e7\u00e3o est\u00e1 monitorando de perto a evolu\u00e7\u00e3o do quadro cl\u00ednico e prestando toda a assist\u00eancia necess\u00e1ria para sua recupera\u00e7\u00e3o. A comunidade de Salo\u00e1 permanece apreensiva e solid\u00e1ria \u00e0 fam\u00edlia da crian\u00e7a, acompanhando as not\u00edcias sobre seu estado de sa\u00fade.<\/p>\n\n\n\n<p>O tr\u00e1gico acidente que vitimou fatalmente duas pessoas deixou marcas profundas na regi\u00e3o, e a recupera\u00e7\u00e3o da crian\u00e7a \u00e9 um ponto de esperan\u00e7a em meio \u00e0 dor. Novas informa\u00e7\u00f5es sobre o caso poder\u00e3o surgir a qualquer momento, e o Salo\u00e1 Not\u00edcias seguir\u00e1 acompanhando a situa\u00e7\u00e3o para manter a comunidade informada sobre a evolu\u00e7\u00e3o do estado de sa\u00fade da crian\u00e7a e o andamento das investiga\u00e7\u00f5es sobre as causas do acidente.<\/p>\n<div style=\"margin-top: 0px; margin-bottom: 0px;\" class=\"sharethis-inline-share-buttons\" ><\/div>","protected":false},"excerpt":{"rendered":"<p>Segue sob cuidados m\u00e9dicos no Hospital da Restaura\u00e7\u00e3o (HR), em Recife, a crian\u00e7a de iniciais I.F.F que ficou ferida no grave acidente envolvendo duas motocicletas no \u00faltimo s\u00e1bado, 10 de maio de 2025, na estrada que liga Salo\u00e1 \u00e0 vila de Iatec\u00e1. O sinistro resultou na perda tr\u00e1gica de duas vidas. Inicialmente socorrida e encaminhada [&hellip;]<\/p>\n","protected":false},"author":1,"featured_media":28500,"comment_status":"closed","ping_status":"closed","sticky":false,"template":"","format":"standard","meta":{"footnotes":""},"categories":[21],"tags":[22],"class_list":["post-28498","post","type-post","status-publish","format-standard","has-post-thumbnail","hentry","category-cidade","tag-destaques"],"_links":{"self":[{"href":"https:\/\/www.saloanoticias.com\/v1\/wp-json\/wp\/v2\/posts\/28498","targetHints":{"allow":["GET"]}}],"collection":[{"href":"https:\/\/www.saloanoticias.com\/v1\/wp-json\/wp\/v2\/posts"}],"about":[{"href":"https:\/\/www.saloanoticias.com\/v1\/wp-json\/wp\/v2\/types\/post"}],"author":[{"embeddable":true,"href":"https:\/\/www.saloanoticias.com\/v1\/wp-json\/wp\/v2\/users\/1"}],"replies":[{"embeddable":true,"href":"https:\/\/www.saloanoticias.com\/v1\/wp-json\/wp\/v2\/comments?post=28498"}],"version-history":[{"count":2,"href":"https:\/\/www.saloanoticias.com\/v1\/wp-json\/wp\/v2\/posts\/28498\/revisions"}],"predecessor-version":[{"id":28501,"href":"https:\/\/www.saloanoticias.com\/v1\/wp-json\/wp\/v2\/posts\/28498\/revisions\/28501"}],"wp:featuredmedia":[{"embeddable":true,"href":"https:\/\/www.saloanoticias.com\/v1\/wp-json\/wp\/v2\/media\/28500"}],"wp:attachment":[{"href":"https:\/\/www.saloanoticias.com\/v1\/wp-json\/wp\/v2\/media?parent=28498"}],"wp:term":[{"taxonomy":"category","embeddable":true,"href":"https:\/\/www.saloanoticias.com\/v1\/wp-json\/wp\/v2\/categories?post=28498"},{"taxonomy":"post_tag","embeddable":true,"href":"https:\/\/www.saloanoticias.com\/v1\/wp-json\/wp\/v2\/tags?post=28498"}],"curies":[{"name":"wp","href":"https:\/\/api.w.org\/{rel}","templated":true}]}}