{"id":28456,"date":"2025-05-08T11:43:06","date_gmt":"2025-05-08T14:43:06","guid":{"rendered":"https:\/\/www.saloanoticias.com\/v1\/?p=28456"},"modified":"2025-05-08T22:29:09","modified_gmt":"2025-05-09T01:29:09","slug":"prefeitura-de-saloa-ipa-e-str-distribuem-sementes-aos-agricultores-locais","status":"publish","type":"post","link":"https:\/\/www.saloanoticias.com\/v1\/prefeitura-de-saloa-ipa-e-str-distribuem-sementes-aos-agricultores-locais\/","title":{"rendered":"Prefeitura de Salo\u00e1, IPA e STR distribuem sementes aos agricultores locais"},"content":{"rendered":"\n<p>A Prefeitura Municipal de Salo\u00e1\/PE, atrav\u00e9s da Secretaria de Agricultura, em uma valiosa parceria com o Governo do Estado, o Instituto Agron\u00f4mico de Pernambuco (IPA) e o Sindicato dos Trabalhadores Rurais, deu um importante passo para fortalecer a agricultura local e amparar o homem e a mulher do campo, que foi a distribui\u00e7\u00e3o de sementes de feij\u00e3o, milho e sorgo aos agricultores do munic\u00edpio.<\/p>\n\n\n\n<p>Este esfor\u00e7o conjunto demonstra o compromisso das entidades envolvidas em oferecer incentivo e apoio direto \u00e0s fam\u00edlias que dedicam suas vidas ao cultivo da terra e precede o programa Terra Pronta, que vai disponibilizar tratores para ara\u00e7\u00e3o de terra no munic\u00edpio.<\/p>\n\n\n\n<p>A iniciativa visa impulsionar a produ\u00e7\u00e3o agr\u00edcola, garantindo mais oportunidades e renda para os trabalhadores rurais de Salo\u00e1. Pensando no bem-estar e na comodidade dos agricultores, a Prefeitura Municipal n\u00e3o mediu esfor\u00e7os e disponibilizou transporte para levar as sementes diretamente \u00e0s associa\u00e7\u00f5es rurais que far\u00e1 a distribui\u00e7\u00e3o entre as fam\u00edlias.<\/p>\n\n\n\n<p>Essa medida log\u00edstica facilitou o acesso dos produtores aos insumos, evitando deslocamentos dispendiosos e otimizando o tempo de todos. A distribui\u00e7\u00e3o das sementes representa mais do que um simples ato de entrega; simboliza um investimento no futuro da agricultura de Salo\u00e1 e um reconhecimento da fundamental import\u00e2ncia do trabalho do homem e da mulher do campo.<\/p>\n\n\n\n<p>Com o apoio t\u00e9cnico do IPA e a representatividade do Sindicato Rural, os agricultores recebem n\u00e3o apenas as sementes, mas tamb\u00e9m a esperan\u00e7a de uma colheita farta e um futuro mais pr\u00f3spero para suas fam\u00edlias.<\/p>\n\n\n\n<p>Salo\u00e1, com essa iniciativa, reafirma seu compromisso com o desenvolvimento rural e com aqueles que dedicam suas vidas a alimentar a nossa mesa.<\/p>\n<div style=\"margin-top: 0px; margin-bottom: 0px;\" class=\"sharethis-inline-share-buttons\" ><\/div>","protected":false},"excerpt":{"rendered":"<p>A Prefeitura Municipal de Salo\u00e1\/PE, atrav\u00e9s da Secretaria de Agricultura, em uma valiosa parceria com o Governo do Estado, o Instituto Agron\u00f4mico de Pernambuco (IPA) e o Sindicato dos Trabalhadores Rurais, deu um importante passo para fortalecer a agricultura local e amparar o homem e a mulher do campo, que foi a distribui\u00e7\u00e3o de sementes [&hellip;]<\/p>\n","protected":false},"author":1,"featured_media":28458,"comment_status":"closed","ping_status":"closed","sticky":false,"template":"","format":"standard","meta":{"footnotes":""},"categories":[21],"tags":[22],"class_list":["post-28456","post","type-post","status-publish","format-standard","has-post-thumbnail","hentry","category-cidade","tag-destaques"],"_links":{"self":[{"href":"https:\/\/www.saloanoticias.com\/v1\/wp-json\/wp\/v2\/posts\/28456","targetHints":{"allow":["GET"]}}],"collection":[{"href":"https:\/\/www.saloanoticias.com\/v1\/wp-json\/wp\/v2\/posts"}],"about":[{"href":"https:\/\/www.saloanoticias.com\/v1\/wp-json\/wp\/v2\/types\/post"}],"author":[{"embeddable":true,"href":"https:\/\/www.saloanoticias.com\/v1\/wp-json\/wp\/v2\/users\/1"}],"replies":[{"embeddable":true,"href":"https:\/\/www.saloanoticias.com\/v1\/wp-json\/wp\/v2\/comments?post=28456"}],"version-history":[{"count":6,"href":"https:\/\/www.saloanoticias.com\/v1\/wp-json\/wp\/v2\/posts\/28456\/revisions"}],"predecessor-version":[{"id":28470,"href":"https:\/\/www.saloanoticias.com\/v1\/wp-json\/wp\/v2\/posts\/28456\/revisions\/28470"}],"wp:featuredmedia":[{"embeddable":true,"href":"https:\/\/www.saloanoticias.com\/v1\/wp-json\/wp\/v2\/media\/28458"}],"wp:attachment":[{"href":"https:\/\/www.saloanoticias.com\/v1\/wp-json\/wp\/v2\/media?parent=28456"}],"wp:term":[{"taxonomy":"category","embeddable":true,"href":"https:\/\/www.saloanoticias.com\/v1\/wp-json\/wp\/v2\/categories?post=28456"},{"taxonomy":"post_tag","embeddable":true,"href":"https:\/\/www.saloanoticias.com\/v1\/wp-json\/wp\/v2\/tags?post=28456"}],"curies":[{"name":"wp","href":"https:\/\/api.w.org\/{rel}","templated":true}]}}