{"id":2843,"date":"2016-08-14T01:00:00","date_gmt":"2016-08-14T01:00:00","guid":{"rendered":"https:\/\/saloanoticias.mrmediaweb.com\/v1\/2016\/08\/14\/2-anos-sem-eduardo-campos\/"},"modified":"2016-08-14T01:00:00","modified_gmt":"2016-08-14T01:00:00","slug":"2-anos-sem-eduardo-campos","status":"publish","type":"post","link":"https:\/\/www.saloanoticias.com\/v1\/2-anos-sem-eduardo-campos\/","title":{"rendered":"DOIS ANOS SEM EDUARDO ACCIOLY CAMPOS"},"content":{"rendered":"<p align=\"justify\"><font size=\"3\" face=\"Arial\"><a href=\"http:\/\/www.saloanoticias.com\/images\/13668695_940998612675791_5475533090595719740_o_7d67951b6338ff9fc3d5aaa4ca1be831.jpg\"><img loading=\"lazy\" decoding=\"async\" title=\"13668695_940998612675791_5475533090595719740_o\" style=\"border-top: 0px; border-right: 0px; background-image: none; border-bottom: 0px; float: left; padding-top: 0px; padding-left: 0px; margin: 5px 5px 0px 0px; border-left: 0px; display: inline; padding-right: 0px\" border=\"0\" alt=\"13668695_940998612675791_5475533090595719740_o\" src=\"http:\/\/www.saloanoticias.com\/v1\/wp-content\/uploads\/imagens\/13668695_940998612675791_5475533090595719740_o_thumb_f23f775bcfc9bca9e638494d71dac9c5.jpg\" width=\"284\" align=\"left\" height=\"203\"><\/a>Uma missa na Igreja de Casa Forte foi celebrada hoje, \u00e0s 19h30, para marcar a passagem de dois anos do falecimento do ex-governador Eduardo Campos e 11 anos do ex-governador Miguel Arraes. O ato religioso, que ir\u00e1 reunir familiares, amigos e correligion\u00e1rios, tamb\u00e9m faz parte dos eventos comemorativos do centen\u00e1rio de Arraes. Eduardo morreu em um acidente a\u00e9reo na cidade de Santos, em S\u00e3o Paulo, no dia 13 de agosto de 2014. A mesma data em que nove anos antes morria no Recife o seu av\u00f4 Miguel Arraes.<\/font><\/p>\n<p align=\"justify\"><font size=\"3\" face=\"Arial\">Quando faleceu, Eduardo estava em plena campanha para Presid\u00eancia da Rep\u00fablica. Na manh\u00e3 do acidente, o ent\u00e3o candidato do PSB partiu do aeroporto Santos Dumont, no Rio de Janeiro, com destino ao Guaraj\u00e1. Ele participaria de eventos de campanha em Santos. A aeronave, um cessna 560 XL, caiu em um bairro residencial (Boqueir\u00e3o), em Santos. Tamb\u00e9m morreram o jornalista Carlos Percol, o fot\u00f3grafo Alexandre Severo, o cinegrafista Marcelo Lyra, o assessor e ex-deputado federal Pedro Valadares e os pilotos Geraldo Barbosa e Marcos Martins.<\/font><\/p>\n<p align=\"justify\"><font size=\"3\" face=\"Arial\">Dois anos depois da morte, aliados falam da aus\u00eancia de Eduardo e da falta dele no momento vivido pelo Brasil. \u201cPor tudo que o nosso pa\u00eds enfrentou nesses dois anos, Eduardo fez e faz muita falta. N\u00e3o apenas a Pernambuco, mas tamb\u00e9m ao pa\u00eds. Tenho a convic\u00e7\u00e3o de que Eduardo teria chegado \u00e0 Presid\u00eancia da Rep\u00fablica e constru\u00eddo um novo rumo, com di\u00e1logo, restabelecendo a confian\u00e7a no futuro\u201d, destacou o governador Paulo C\u00e2mara (PSB).<\/font><\/p>\n<p align=\"justify\"><font size=\"3\" face=\"Arial\">\u201cMas ainda temos o seu legado para levar adiante, os seus compromissos permanentes com os que mais precisam, com uma educa\u00e7\u00e3o p\u00fablica de qualidade e uma gest\u00e3o eficiente. S\u00e3o essas bandeiras de Eduardo que continuamos defendendo\u201d, garantiu o socialista. O presidente estadual do PSB, Sileno Guedes, ressaltou a import\u00e2ncia de Eduardo Campos para a pol\u00edtica brasileira. \u201cNa verdade, a falta dele n\u00e3o \u00e9 sentida somente pelos pernambucanos, mas por todo o pa\u00eds. Entre n\u00f3s, ele estaria desempenhando um papel fundamental. Ent\u00e3o, a perda \u00e9 muito grande\u201d, disse.<\/font><\/p>\n<p align=\"justify\"><font size=\"3\" face=\"Arial\">Antes da missa, o Instituto Miguel Arraes (IMA) promove atividades na sede da entidade em homenagem ao pol\u00edtico que, em 15 de dezembro de 2016, completaria 100 anos. Da programa\u00e7\u00e3o, a partir das 10h, consta assinatura de um conv\u00eanio com a Funda\u00e7\u00e3o Jo\u00e3o Mangabeira, lan\u00e7amento do blog Arraes, entrega de um estudo realizado pela igreja dos M\u00f3rmons sobre a \u00e1rvore geneal\u00f3gica do ex-governador e lan\u00e7amento do livro Porto do Renascimento &#8211; a \u00faltima campanha de Arraes, do jornalista Marcos Cirano.<\/font><\/p>\n<p align=\"justify\"><font face=\"Arial\"><font size=\"3\"><strong>Programas como legado : <\/strong>Algumas das principais a\u00e7\u00f5es desenvolvidas por Eduardo Campos \u00e0 frente do governo do estado marcaram sua gest\u00e3o. Os programas M\u00e3e Coruja, Ganhe o Mundo, Pacto pela Vida e as a\u00e7\u00f5es de desenvolvimento econ\u00f4mico ganham destaque no legado deixado pelo socialista. O M\u00e3e Coruja, iniciativa idealizada no in\u00edcio do primeiro governo Eduardo Campos pela ent\u00e3o primeira-dama Renata Campos, consiste no acompanhamento das m\u00e3es durante a gesta\u00e7\u00e3o e tamb\u00e9m no p\u00f3s-parto, at\u00e9 que a crian\u00e7a complete 5 anos.<\/font><\/font><\/p>\n<p align=\"justify\"><font face=\"Arial\"><font size=\"3\">O programa \u00e9 um dos grandes respons\u00e1veis pela queda da mortalidade infantil registrada em Pernambuco. Em 2006, segundo dados do Minist\u00e9rio da Sa\u00fade, a taxa em Pernambuco chegava a 22,1 por 100 mil habitantes. Em 2013, o \u00edndice havia decrescido para 16 por 100 mil. O Ganhe o Mundo, criado em 2012 durante o segundo governo Eduardo, \u00e9 uma iniciativa que permite aos alunos da rede estadual de ensino fazer um interc\u00e2mbio de seis meses em outros pa\u00edses, abrindo oportunidades para os estudantes.<\/font><\/font><\/p>\n<p align=\"justify\"><font face=\"Arial\"><font size=\"3\">Na educa\u00e7\u00e3o, um salto: de 2007 a 2013, o estado passou do 21\u00ba lugar para o 4\u00ba no ranking do \u00cdndice de Desenvolvimento da Educa\u00e7\u00e3o B\u00e1sica (Ideb). Tamb\u00e9m ampliou o investimento de R$ 44 milh\u00f5es entre 2003 e 2006 para R$ 206 milh\u00f5es entre 2010 e 2013. Na seguran\u00e7a, antes do Pacto pela Vida, em 2006, o Bairro de Santo Amaro chegou a registrar a marca de 46 homic\u00eddios por ano e era dominado por gangues rivais em estado de guerra.<\/font><\/font><\/p>\n<p align=\"justify\"><font face=\"Arial\"><font size=\"3\">Em 2007, o programa foi criado e a hist\u00f3ria come\u00e7ou a mudar. Santo Amaro foi escolhido para ser o s\u00edmbolo do principal projeto do ex-governador, que tinha como meta reduzir anualmente em 12% o n\u00famero de Crimes Violentos Letais Intencionais (CVLI), s\u00f3 alcan\u00e7ada em 2009 e 2010. O policiamento aumentou e, um ano mais tarde, um novo programa ajudou a solidificar a ideia de tornar Santo Amaro um exemplo a ser seguido: o Governo Presente, cujo objetivo \u00e9 garantir a igualdade de oportunidades e o acesso da popula\u00e7\u00e3o \u00e0s a\u00e7\u00f5es do governo nas \u00e1reas de maior vulnerabilidade.<\/font><\/font><\/p>\n<p align=\"justify\"><font face=\"Arial\"><font size=\"3\">No centro das a\u00e7\u00f5es de desenvolvimento econ\u00f4mico que mais se destacaram na gest\u00e3o de Eduardo est\u00e1 Suape, que registrou um aumento consider\u00e1vel no n\u00famero de investimentos. Entre 2003 e 2006, eram R$ 80 milh\u00f5es entre verbas federais e estaduais. Ao final de 2013, esse n\u00famero chegava a R$ 740 milh\u00f5es. Fonte: Di\u00e1rio de Pernambuco<\/font><\/font><\/p>\n<div style=\"margin-top: 0px; margin-bottom: 0px;\" class=\"sharethis-inline-share-buttons\" ><\/div>","protected":false},"excerpt":{"rendered":"<p>Uma missa na Igreja de Casa Forte foi celebrada hoje, \u00e0s 19h30, para marcar a passagem de dois anos do falecimento do ex-governador Eduardo Campos e 11 anos do ex-governador Miguel Arraes. O ato religioso, que ir\u00e1 reunir familiares, amigos e correligion\u00e1rios, tamb\u00e9m faz parte dos eventos comemorativos do centen\u00e1rio de Arraes. Eduardo morreu em [&hellip;]<\/p>\n","protected":false},"author":1,"featured_media":0,"comment_status":"open","ping_status":"open","sticky":false,"template":"","format":"standard","meta":{"footnotes":""},"categories":[2],"tags":[],"class_list":["post-2843","post","type-post","status-publish","format-standard","hentry","category-noticias-do-dia"],"_links":{"self":[{"href":"https:\/\/www.saloanoticias.com\/v1\/wp-json\/wp\/v2\/posts\/2843","targetHints":{"allow":["GET"]}}],"collection":[{"href":"https:\/\/www.saloanoticias.com\/v1\/wp-json\/wp\/v2\/posts"}],"about":[{"href":"https:\/\/www.saloanoticias.com\/v1\/wp-json\/wp\/v2\/types\/post"}],"author":[{"embeddable":true,"href":"https:\/\/www.saloanoticias.com\/v1\/wp-json\/wp\/v2\/users\/1"}],"replies":[{"embeddable":true,"href":"https:\/\/www.saloanoticias.com\/v1\/wp-json\/wp\/v2\/comments?post=2843"}],"version-history":[{"count":0,"href":"https:\/\/www.saloanoticias.com\/v1\/wp-json\/wp\/v2\/posts\/2843\/revisions"}],"wp:attachment":[{"href":"https:\/\/www.saloanoticias.com\/v1\/wp-json\/wp\/v2\/media?parent=2843"}],"wp:term":[{"taxonomy":"category","embeddable":true,"href":"https:\/\/www.saloanoticias.com\/v1\/wp-json\/wp\/v2\/categories?post=2843"},{"taxonomy":"post_tag","embeddable":true,"href":"https:\/\/www.saloanoticias.com\/v1\/wp-json\/wp\/v2\/tags?post=2843"}],"curies":[{"name":"wp","href":"https:\/\/api.w.org\/{rel}","templated":true}]}}