{"id":28362,"date":"2025-04-29T12:55:02","date_gmt":"2025-04-29T15:55:02","guid":{"rendered":"https:\/\/www.saloanoticias.com\/v1\/?p=28362"},"modified":"2025-04-30T07:32:46","modified_gmt":"2025-04-30T10:32:46","slug":"secretaria-manuela-torres-e-vereador-ze-cabeleireiro-comemoram-mais-um-ano-de-vida","status":"publish","type":"post","link":"https:\/\/www.saloanoticias.com\/v1\/secretaria-manuela-torres-e-vereador-ze-cabeleireiro-comemoram-mais-um-ano-de-vida\/","title":{"rendered":"Aniversariantes da Semana: Secret\u00e1ria Manuela Torres e Vereador Z\u00e9 Cabeleireiro"},"content":{"rendered":"\n<p>A semana foi marcada por celebra\u00e7\u00f5es especiais em Salo\u00e1. Dois nomes de destaque comemoraram mais um ano de vida: a secret\u00e1ria Manuela Souto e o vereador Z\u00e9 Cabeleireiro. Manuela Souto recebeu homenagens de colegas de trabalho, amigos e familiares.<\/p>\n\n\n\n<p>J\u00e1 o vereador Z\u00e9 Cabeleireiro, figura popular e muito querida pela popula\u00e7\u00e3o saloaense, tamb\u00e9m foi parabenizado por sua trajet\u00f3ria de compromisso com a comunidade. Sempre presente nas demandas do povo, Z\u00e9 celebrou seu anivers\u00e1rio com simplicidade e gratid\u00e3o, reafirmando seu empenho em continuar trabalhando pelo bem-estar dos saloaenses.<\/p>\n\n\n\n<p>A ambos, os votos de sa\u00fade, paz, alegrias e muitos anos de vida! Que continuem sendo inspira\u00e7\u00e3o e for\u00e7a na caminhada por um Salo\u00e1 cada vez melhor.<\/p>\n<div style=\"margin-top: 0px; margin-bottom: 0px;\" class=\"sharethis-inline-share-buttons\" ><\/div>","protected":false},"excerpt":{"rendered":"<p>A semana foi marcada por celebra\u00e7\u00f5es especiais em Salo\u00e1. Dois nomes de destaque comemoraram mais um ano de vida: a secret\u00e1ria Manuela Souto e o vereador Z\u00e9 Cabeleireiro. Manuela Souto recebeu homenagens de colegas de trabalho, amigos e familiares. J\u00e1 o vereador Z\u00e9 Cabeleireiro, figura popular e muito querida pela popula\u00e7\u00e3o saloaense, tamb\u00e9m foi parabenizado [&hellip;]<\/p>\n","protected":false},"author":1,"featured_media":28363,"comment_status":"closed","ping_status":"closed","sticky":false,"template":"","format":"standard","meta":{"footnotes":""},"categories":[2],"tags":[22],"class_list":["post-28362","post","type-post","status-publish","format-standard","has-post-thumbnail","hentry","category-noticias-do-dia","tag-destaques"],"_links":{"self":[{"href":"https:\/\/www.saloanoticias.com\/v1\/wp-json\/wp\/v2\/posts\/28362","targetHints":{"allow":["GET"]}}],"collection":[{"href":"https:\/\/www.saloanoticias.com\/v1\/wp-json\/wp\/v2\/posts"}],"about":[{"href":"https:\/\/www.saloanoticias.com\/v1\/wp-json\/wp\/v2\/types\/post"}],"author":[{"embeddable":true,"href":"https:\/\/www.saloanoticias.com\/v1\/wp-json\/wp\/v2\/users\/1"}],"replies":[{"embeddable":true,"href":"https:\/\/www.saloanoticias.com\/v1\/wp-json\/wp\/v2\/comments?post=28362"}],"version-history":[{"count":6,"href":"https:\/\/www.saloanoticias.com\/v1\/wp-json\/wp\/v2\/posts\/28362\/revisions"}],"predecessor-version":[{"id":28369,"href":"https:\/\/www.saloanoticias.com\/v1\/wp-json\/wp\/v2\/posts\/28362\/revisions\/28369"}],"wp:featuredmedia":[{"embeddable":true,"href":"https:\/\/www.saloanoticias.com\/v1\/wp-json\/wp\/v2\/media\/28363"}],"wp:attachment":[{"href":"https:\/\/www.saloanoticias.com\/v1\/wp-json\/wp\/v2\/media?parent=28362"}],"wp:term":[{"taxonomy":"category","embeddable":true,"href":"https:\/\/www.saloanoticias.com\/v1\/wp-json\/wp\/v2\/categories?post=28362"},{"taxonomy":"post_tag","embeddable":true,"href":"https:\/\/www.saloanoticias.com\/v1\/wp-json\/wp\/v2\/tags?post=28362"}],"curies":[{"name":"wp","href":"https:\/\/api.w.org\/{rel}","templated":true}]}}