{"id":28343,"date":"2025-04-27T11:28:11","date_gmt":"2025-04-27T14:28:11","guid":{"rendered":"https:\/\/www.saloanoticias.com\/v1\/?p=28343"},"modified":"2025-04-27T21:12:06","modified_gmt":"2025-04-28T00:12:06","slug":"padre-jefferson-tambem-destaca-a-importancia-de-francisco-na-sua-vida-sacerdotal","status":"publish","type":"post","link":"https:\/\/www.saloanoticias.com\/v1\/padre-jefferson-tambem-destaca-a-importancia-de-francisco-na-sua-vida-sacerdotal\/","title":{"rendered":"Padre Jefferson M\u00e1rcio exalta a influ\u00eancia do Papa Francisco em seu caminho sacerdotal"},"content":{"rendered":"\n<p>Em palavras tocantes e reflexivas, o Padre Jefferson M\u00e1rcio, vig\u00e1rio paroquial de Salo\u00e1, expressou a profunda influ\u00eancia que o Papa Francisco exerceu em sua vida sacerdotal. Inspirado pela imagem, que captura a ess\u00eancia de suas reflex\u00f5es, o Padre Jefferson descreve o pont\u00edfice como um guia, um modelo e uma fonte constante de inspira\u00e7\u00e3o.<\/p>\n\n\n\n<p>&#8220;<em>Inspirado em seu minist\u00e9rio petrino escolhi como lema do meu minist\u00e9rio o mesmo que ele escolheu para o seu pontificado<\/em>&#8220;, afirma o Padre Jefferson. A imagem <a href=\"http:\/\/googleusercontent.com\/image_generation_content\/12\" target=\"_blank\" rel=\"noreferrer noopener\"><\/a> nos permite vislumbrar a profundidade da admira\u00e7\u00e3o e do respeito que o Padre Jefferson sente pelo Papa Francisco.<\/p>\n\n\n\n<p>Suas palavras, cuidadosamente escritas e emolduradas, revelam o impacto transformador do pont\u00edfice em sua vida e em seu minist\u00e9rio. O legado de Francisco, marcado pela simplicidade, pela compaix\u00e3o e pela defesa dos mais vulner\u00e1veis, continua a inspirar o Padre Jefferson e a guiar seus passos como sacerdote.<\/p>\n\n\n\n<p><em>&#8220;Papa Francisco me concedeu uma Ben\u00e7\u00e3o Apost\u00f3lica por ocasi\u00e3o da minha Ordena\u00e7\u00e3o Sacerdotal. O Santo Padre foi o pont\u00edfice de toda minha vida de semin\u00e1rio e do in\u00edcio do meu minist\u00e9rio sacerdotal. <\/em><\/p>\n\n\n\n<p><em>Inspirado em seu minist\u00e9rio petrino escolhi como lema do meu minist\u00e9rio o mesmo que ele escolheu para o seu pontificado: &#8220;misericordiando me elegeu&#8221;.<\/em><\/p>\n\n\n\n<p><em>Ele me deu a chave de leitura de minha hist\u00f3ria pessoal e tamb\u00e9m vocacional. Ele, tamb\u00e9m, foi o primeiro Papa que pude ver pessoalmente, em 2013, na JMJ\/ Rio. E nestes dias nos despedimos dele para estarmos juntos na comunh\u00e3o dos santos&#8221;, <\/em>destacou o p\u00e1roco.<\/p>\n<div style=\"margin-top: 0px; margin-bottom: 0px;\" class=\"sharethis-inline-share-buttons\" ><\/div>","protected":false},"excerpt":{"rendered":"<p>Em palavras tocantes e reflexivas, o Padre Jefferson M\u00e1rcio, vig\u00e1rio paroquial de Salo\u00e1, expressou a profunda influ\u00eancia que o Papa Francisco exerceu em sua vida sacerdotal. Inspirado pela imagem, que captura a ess\u00eancia de suas reflex\u00f5es, o Padre Jefferson descreve o pont\u00edfice como um guia, um modelo e uma fonte constante de inspira\u00e7\u00e3o. &#8220;Inspirado em [&hellip;]<\/p>\n","protected":false},"author":1,"featured_media":28348,"comment_status":"closed","ping_status":"closed","sticky":false,"template":"","format":"standard","meta":{"footnotes":""},"categories":[16],"tags":[22],"class_list":["post-28343","post","type-post","status-publish","format-standard","has-post-thumbnail","hentry","category-religiao","tag-destaques"],"_links":{"self":[{"href":"https:\/\/www.saloanoticias.com\/v1\/wp-json\/wp\/v2\/posts\/28343","targetHints":{"allow":["GET"]}}],"collection":[{"href":"https:\/\/www.saloanoticias.com\/v1\/wp-json\/wp\/v2\/posts"}],"about":[{"href":"https:\/\/www.saloanoticias.com\/v1\/wp-json\/wp\/v2\/types\/post"}],"author":[{"embeddable":true,"href":"https:\/\/www.saloanoticias.com\/v1\/wp-json\/wp\/v2\/users\/1"}],"replies":[{"embeddable":true,"href":"https:\/\/www.saloanoticias.com\/v1\/wp-json\/wp\/v2\/comments?post=28343"}],"version-history":[{"count":5,"href":"https:\/\/www.saloanoticias.com\/v1\/wp-json\/wp\/v2\/posts\/28343\/revisions"}],"predecessor-version":[{"id":28350,"href":"https:\/\/www.saloanoticias.com\/v1\/wp-json\/wp\/v2\/posts\/28343\/revisions\/28350"}],"wp:featuredmedia":[{"embeddable":true,"href":"https:\/\/www.saloanoticias.com\/v1\/wp-json\/wp\/v2\/media\/28348"}],"wp:attachment":[{"href":"https:\/\/www.saloanoticias.com\/v1\/wp-json\/wp\/v2\/media?parent=28343"}],"wp:term":[{"taxonomy":"category","embeddable":true,"href":"https:\/\/www.saloanoticias.com\/v1\/wp-json\/wp\/v2\/categories?post=28343"},{"taxonomy":"post_tag","embeddable":true,"href":"https:\/\/www.saloanoticias.com\/v1\/wp-json\/wp\/v2\/tags?post=28343"}],"curies":[{"name":"wp","href":"https:\/\/api.w.org\/{rel}","templated":true}]}}