{"id":28336,"date":"2025-04-26T10:23:18","date_gmt":"2025-04-26T13:23:18","guid":{"rendered":"https:\/\/www.saloanoticias.com\/v1\/?p=28336"},"modified":"2025-04-26T10:29:47","modified_gmt":"2025-04-26T13:29:47","slug":"serrinha-da-prata-se-prepara-para-grande-cruzada-evangelistica-por-ele","status":"publish","type":"post","link":"https:\/\/www.saloanoticias.com\/v1\/serrinha-da-prata-se-prepara-para-grande-cruzada-evangelistica-por-ele\/","title":{"rendered":"Serrinha da Prata se prepara para grande cruzada evangel\u00edstica &#8220;Por Ele&#8221; que acontece neste s\u00e1bado (26)"},"content":{"rendered":"\n<p>O povoado de Serrinha da Prata, em Salo\u00e1, ser\u00e1 palco de um significativo evento de f\u00e9 e evangeliza\u00e7\u00e3o na noite deste s\u00e1bado, 26 de abril de 2025. Diversas igrejas evang\u00e9licas de Salo\u00e1 uniram for\u00e7as para realizar a Cruzada Evangel\u00edstica &#8220;Por Ele&#8221;, um projeto que visa levar a mensagem do Evangelho tanto \u00e0 sede do munic\u00edpio quanto \u00e0s suas comunidades.<\/p>\n\n\n\n<p>A cruzada em Serrinha da Prata representa um importante passo dentro deste projeto de evangeliza\u00e7\u00e3o, buscando alcan\u00e7ar um p\u00fablico ainda maior e fortalecer a f\u00e9 da comunidade local. Os organizadores prepararam uma noite especial de louvor, adora\u00e7\u00e3o e proclama\u00e7\u00e3o da Palavra de Deus, com a participa\u00e7\u00e3o de pregadores e m\u00fasicos convidados.<\/p>\n\n\n\n<p>Pensando em facilitar o acesso dos fi\u00e9is ao evento, a Prefeitura Municipal de Salo\u00e1 est\u00e1 disponibilizando \u00f4nibus que far\u00e3o o transporte para Serrinha da Prata. Esta iniciativa demonstra o apoio da administra\u00e7\u00e3o local \u00e0 a\u00e7\u00e3o evangel\u00edstica e o desejo de que todos tenham a oportunidade de participar deste momento de comunh\u00e3o e b\u00ean\u00e7\u00e3os.<\/p>\n\n\n\n<p>Os idealizadores da Cruzada &#8220;Por Ele&#8221; fazem um chamado \u00e0 comunidade de Salo\u00e1 e regi\u00e3o para que se unam em ora\u00e7\u00e3o, divulguem o evento e participem ativamente desta noite dedicada \u00e0 f\u00e9 e \u00e0 adora\u00e7\u00e3o a Deus em Serrinha da Prata. A expectativa \u00e9 de um encontro transformador, que traga esperan\u00e7a e fortale\u00e7a os la\u00e7os espirituais da comunidade.<\/p>\n<div style=\"margin-top: 0px; margin-bottom: 0px;\" class=\"sharethis-inline-share-buttons\" ><\/div>","protected":false},"excerpt":{"rendered":"<p>O povoado de Serrinha da Prata, em Salo\u00e1, ser\u00e1 palco de um significativo evento de f\u00e9 e evangeliza\u00e7\u00e3o na noite deste s\u00e1bado, 26 de abril de 2025. Diversas igrejas evang\u00e9licas de Salo\u00e1 uniram for\u00e7as para realizar a Cruzada Evangel\u00edstica &#8220;Por Ele&#8221;, um projeto que visa levar a mensagem do Evangelho tanto \u00e0 sede do munic\u00edpio [&hellip;]<\/p>\n","protected":false},"author":1,"featured_media":28338,"comment_status":"closed","ping_status":"closed","sticky":false,"template":"","format":"standard","meta":{"footnotes":""},"categories":[16],"tags":[22],"class_list":["post-28336","post","type-post","status-publish","format-standard","has-post-thumbnail","hentry","category-religiao","tag-destaques"],"_links":{"self":[{"href":"https:\/\/www.saloanoticias.com\/v1\/wp-json\/wp\/v2\/posts\/28336","targetHints":{"allow":["GET"]}}],"collection":[{"href":"https:\/\/www.saloanoticias.com\/v1\/wp-json\/wp\/v2\/posts"}],"about":[{"href":"https:\/\/www.saloanoticias.com\/v1\/wp-json\/wp\/v2\/types\/post"}],"author":[{"embeddable":true,"href":"https:\/\/www.saloanoticias.com\/v1\/wp-json\/wp\/v2\/users\/1"}],"replies":[{"embeddable":true,"href":"https:\/\/www.saloanoticias.com\/v1\/wp-json\/wp\/v2\/comments?post=28336"}],"version-history":[{"count":4,"href":"https:\/\/www.saloanoticias.com\/v1\/wp-json\/wp\/v2\/posts\/28336\/revisions"}],"predecessor-version":[{"id":28342,"href":"https:\/\/www.saloanoticias.com\/v1\/wp-json\/wp\/v2\/posts\/28336\/revisions\/28342"}],"wp:featuredmedia":[{"embeddable":true,"href":"https:\/\/www.saloanoticias.com\/v1\/wp-json\/wp\/v2\/media\/28338"}],"wp:attachment":[{"href":"https:\/\/www.saloanoticias.com\/v1\/wp-json\/wp\/v2\/media?parent=28336"}],"wp:term":[{"taxonomy":"category","embeddable":true,"href":"https:\/\/www.saloanoticias.com\/v1\/wp-json\/wp\/v2\/categories?post=28336"},{"taxonomy":"post_tag","embeddable":true,"href":"https:\/\/www.saloanoticias.com\/v1\/wp-json\/wp\/v2\/tags?post=28336"}],"curies":[{"name":"wp","href":"https:\/\/api.w.org\/{rel}","templated":true}]}}