{"id":28329,"date":"2025-04-25T22:11:19","date_gmt":"2025-04-26T01:11:19","guid":{"rendered":"https:\/\/www.saloanoticias.com\/v1\/?p=28329"},"modified":"2025-04-25T22:15:15","modified_gmt":"2025-04-26T01:15:15","slug":"fieis-de-saloa-se-unem-em-oracao-pelo-papa-francisco-em-missa-solene","status":"publish","type":"post","link":"https:\/\/www.saloanoticias.com\/v1\/fieis-de-saloa-se-unem-em-oracao-pelo-papa-francisco-em-missa-solene\/","title":{"rendered":"Fi\u00e9is de Salo\u00e1 se unem em ora\u00e7\u00e3o pelo Papa Francisco em missa solene"},"content":{"rendered":"\n<p>A Matriz de S\u00e3o Vicente de Paulo, em Salo\u00e1, foi cen\u00e1rio de um momento de profunda f\u00e9 e como\u00e7\u00e3o na noite desta quinta-feira, 24 de abril de 2025. Centenas de fi\u00e9is cat\u00f3licos se reuniram para participar de uma missa solene em sufr\u00e1gio da alma do Papa Francisco.<\/p>\n\n\n\n<p>A celebra\u00e7\u00e3o, marcada pela emo\u00e7\u00e3o e pelas ora\u00e7\u00f5es, expressou a solidariedade e o carinho da comunidade saloaense pelo Santo Padre. Um dos momentos mais significativos da missa foi a exposi\u00e7\u00e3o do solid\u00e9u (a pequena touca branca usada pelo Papa) que o Padre Thiago Lopes recebeu do pr\u00f3prio Papa Francisco durante sua visita ao Vaticano, em 20 de maio de 2024.<\/p>\n\n\n\n<p>O objeto, carregado de simbolismo e hist\u00f3ria, foi colocado em destaque no altar, representando a proximidade espiritual entre a comunidade de Salo\u00e1 e o l\u00edder da Igreja Cat\u00f3lica. A missa, presidida pelo Padre Thiago Lopes, foi marcada por c\u00e2nticos, leituras b\u00edblicas e ora\u00e7\u00f5es em inten\u00e7\u00e3o do Papa Francisco.<\/p>\n\n\n<div class=\"wp-block-image\">\n<figure class=\"aligncenter size-full\"><img loading=\"lazy\" decoding=\"async\" width=\"849\" height=\"946\" src=\"https:\/\/www.saloanoticias.com\/v1\/wp-content\/uploads\/2025\/04\/IMG_5639.jpeg\" alt=\"\" class=\"wp-image-28332\" srcset=\"https:\/\/www.saloanoticias.com\/v1\/wp-content\/uploads\/2025\/04\/IMG_5639.jpeg 849w, https:\/\/www.saloanoticias.com\/v1\/wp-content\/uploads\/2025\/04\/IMG_5639-269x300.jpeg 269w, https:\/\/www.saloanoticias.com\/v1\/wp-content\/uploads\/2025\/04\/IMG_5639-768x856.jpeg 768w\" sizes=\"auto, (max-width: 849px) 100vw, 849px\" \/><\/figure>\n<\/div>\n\n\n<p>Em sua homilia, o Padre Thiago ressaltou a import\u00e2ncia do pontificado de Francisco, seu amor pelos pobres e sua dedica\u00e7\u00e3o \u00e0 constru\u00e7\u00e3o de um mundo mais justo e fraterno. As palavras do Padre Thiago emocionaram os fi\u00e9is, que se uniram em preces pela alma do Santo Padre.<\/p>\n\n\n\n<p>A expressiva participa\u00e7\u00e3o dos fi\u00e9is na missa demonstra a forte liga\u00e7\u00e3o da comunidade cat\u00f3lica de Salo\u00e1 com o Papa Francisco. A celebra\u00e7\u00e3o foi um momento de uni\u00e3o, f\u00e9 e esperan\u00e7a, expressando o carinho e a gratid\u00e3o dos saloaenses pelo l\u00edder da Igreja Cat\u00f3lica.<\/p>\n\n\n\n<p>A exposi\u00e7\u00e3o do solid\u00e9u, um presente pessoal do Papa ao Padre Thiago, tornou a missa ainda mais especial e significativa, fortalecendo os la\u00e7os entre Salo\u00e1 e o Vaticano.<\/p>\n<div style=\"margin-top: 0px; margin-bottom: 0px;\" class=\"sharethis-inline-share-buttons\" ><\/div>","protected":false},"excerpt":{"rendered":"<p>A Matriz de S\u00e3o Vicente de Paulo, em Salo\u00e1, foi cen\u00e1rio de um momento de profunda f\u00e9 e como\u00e7\u00e3o na noite desta quinta-feira, 24 de abril de 2025. Centenas de fi\u00e9is cat\u00f3licos se reuniram para participar de uma missa solene em sufr\u00e1gio da alma do Papa Francisco. A celebra\u00e7\u00e3o, marcada pela emo\u00e7\u00e3o e pelas ora\u00e7\u00f5es, [&hellip;]<\/p>\n","protected":false},"author":1,"featured_media":28331,"comment_status":"closed","ping_status":"closed","sticky":false,"template":"","format":"standard","meta":{"footnotes":""},"categories":[16],"tags":[22],"class_list":["post-28329","post","type-post","status-publish","format-standard","has-post-thumbnail","hentry","category-religiao","tag-destaques"],"_links":{"self":[{"href":"https:\/\/www.saloanoticias.com\/v1\/wp-json\/wp\/v2\/posts\/28329","targetHints":{"allow":["GET"]}}],"collection":[{"href":"https:\/\/www.saloanoticias.com\/v1\/wp-json\/wp\/v2\/posts"}],"about":[{"href":"https:\/\/www.saloanoticias.com\/v1\/wp-json\/wp\/v2\/types\/post"}],"author":[{"embeddable":true,"href":"https:\/\/www.saloanoticias.com\/v1\/wp-json\/wp\/v2\/users\/1"}],"replies":[{"embeddable":true,"href":"https:\/\/www.saloanoticias.com\/v1\/wp-json\/wp\/v2\/comments?post=28329"}],"version-history":[{"count":3,"href":"https:\/\/www.saloanoticias.com\/v1\/wp-json\/wp\/v2\/posts\/28329\/revisions"}],"predecessor-version":[{"id":28335,"href":"https:\/\/www.saloanoticias.com\/v1\/wp-json\/wp\/v2\/posts\/28329\/revisions\/28335"}],"wp:featuredmedia":[{"embeddable":true,"href":"https:\/\/www.saloanoticias.com\/v1\/wp-json\/wp\/v2\/media\/28331"}],"wp:attachment":[{"href":"https:\/\/www.saloanoticias.com\/v1\/wp-json\/wp\/v2\/media?parent=28329"}],"wp:term":[{"taxonomy":"category","embeddable":true,"href":"https:\/\/www.saloanoticias.com\/v1\/wp-json\/wp\/v2\/categories?post=28329"},{"taxonomy":"post_tag","embeddable":true,"href":"https:\/\/www.saloanoticias.com\/v1\/wp-json\/wp\/v2\/tags?post=28329"}],"curies":[{"name":"wp","href":"https:\/\/api.w.org\/{rel}","templated":true}]}}