{"id":28314,"date":"2025-04-23T17:28:25","date_gmt":"2025-04-23T20:28:25","guid":{"rendered":"https:\/\/www.saloanoticias.com\/v1\/?p=28314"},"modified":"2025-04-23T21:32:58","modified_gmt":"2025-04-24T00:32:58","slug":"corpo-do-papa-francisco-esta-sendo-velado-na-basilica-de-sao-pedro-de-onde-saira-para-ser-enterrado-no-sabado-26","status":"publish","type":"post","link":"https:\/\/www.saloanoticias.com\/v1\/corpo-do-papa-francisco-esta-sendo-velado-na-basilica-de-sao-pedro-de-onde-saira-para-ser-enterrado-no-sabado-26\/","title":{"rendered":"Corpo do Papa Francisco est\u00e1 sendo velado na Bas\u00edlica de S\u00e3o Pedro, de onde sair\u00e1 para ser enterrado no s\u00e1bado (26)"},"content":{"rendered":"\n<p>O corpo do&nbsp;papa Francisco&nbsp;foi transferido na manh\u00e3 desta quarta-feira (23\/04) de sua resid\u00eancia no&nbsp;Vaticano&nbsp;para ser velado na Bas\u00edlica de S\u00e3o Pedro. Foram ouvidos aplausos vindos da multid\u00e3o enquanto a prociss\u00e3o percorria a Pra\u00e7a de S\u00e3o Pedro.<\/p>\n\n\n\n<p>O p\u00fablico pode passar em fila pelo caix\u00e3o aberto desde \u00e0s 11h, no hor\u00e1rio local, 7h no hor\u00e1rio de Bras\u00edlia. O papa morreu na manh\u00e3 de segunda-feira\u00a0(21\/04) e seu funeral acontecer\u00e1 no s\u00e1bado (26\/04),\u00a0com a presen\u00e7a de l\u00edderes de todo o mundo.<\/p>\n\n\n\n<p>A Guarda Su\u00ed\u00e7a, cuja fun\u00e7\u00e3o \u00e9 proteger o papa, marchou at\u00e9 a Pra\u00e7a de S\u00e3o Pedro e iniciou a prepara\u00e7\u00e3o para a chegada do caix\u00e3o de Francisco. Ap\u00f3s b\u00ean\u00e7\u00e3os e ora\u00e7\u00f5es, a prociss\u00e3o come\u00e7ou a caminhar em dire\u00e7\u00e3o \u00e0 Bas\u00edlica de S\u00e3o Pedro.<\/p>\n\n\n\n<p>Ela foi liderada pelo cardeal camerlengo Kevin Farrell, que foi indicado pelo papa Francisco para o cargo em 2019. Como camerlengo, o cardeal Farrell ser\u00e1 respons\u00e1vel por organizar o funeral de Francisco e o conclave, o processo pelo qual o pr\u00f3ximo pont\u00edfice \u00e9 selecionado.<\/p>\n\n\n\n<p>O caix\u00e3o foi transportado por toda a pra\u00e7a, cercado de religiosos vestidos de branco ou vermelho. Os sinos das igrejas tocaram solenemente, enquanto a multid\u00e3o aplaudia. O corpo do papa Francisco foi levado at\u00e9 a Bas\u00edlica de S\u00e3o Pedro e colocado na frente do altar, onde o p\u00fablico poder\u00e1 prestar homenagens e fazer ora\u00e7\u00f5es.<\/p>\n\n\n\n<p>O corpo do papa ficar\u00e1 na Bas\u00edlica de S\u00e3o Pedro, at\u00e9 o funeral marcado para s\u00e1bado (26\/04). Austen Ivereigh, bi\u00f3grafo do papa Francisco, disse \u00e0 BBC News que moedas cunhadas durante seu pontificado \u2014 uma para cada ano de mandato \u2014 foram colocadas em uma bolsa dentro do caix\u00e3o.<\/p>\n\n\n\n<p>Os corpos dos papas costumavam ser embalsamados no passado, mas isso n\u00e3o \u00e9 obrigat\u00f3rio hoje em dia, explica Ivereigh. O bi\u00f3grafo afirma que algo foi feito no corpo do papa para ajudar a retardar o processo de decomposi\u00e7\u00e3o, mas, fora isso, &#8220;ele est\u00e1 como morreu&#8221;.<\/p>\n\n\n\n<p>Ontem,&nbsp;o Vaticano divulgou v\u00e1rias fotos do papa deitado em um caix\u00e3o aberto&nbsp;em sua antiga resid\u00eancia. <em>FONTE: WWW.BBCNEWSBRASIL.COM<\/em><\/p>\n<div style=\"margin-top: 0px; margin-bottom: 0px;\" class=\"sharethis-inline-share-buttons\" ><\/div>","protected":false},"excerpt":{"rendered":"<p>O corpo do&nbsp;papa Francisco&nbsp;foi transferido na manh\u00e3 desta quarta-feira (23\/04) de sua resid\u00eancia no&nbsp;Vaticano&nbsp;para ser velado na Bas\u00edlica de S\u00e3o Pedro. Foram ouvidos aplausos vindos da multid\u00e3o enquanto a prociss\u00e3o percorria a Pra\u00e7a de S\u00e3o Pedro. O p\u00fablico pode passar em fila pelo caix\u00e3o aberto desde \u00e0s 11h, no hor\u00e1rio local, 7h no hor\u00e1rio de [&hellip;]<\/p>\n","protected":false},"author":1,"featured_media":28315,"comment_status":"closed","ping_status":"closed","sticky":false,"template":"","format":"standard","meta":{"footnotes":""},"categories":[16],"tags":[22],"class_list":["post-28314","post","type-post","status-publish","format-standard","has-post-thumbnail","hentry","category-religiao","tag-destaques"],"_links":{"self":[{"href":"https:\/\/www.saloanoticias.com\/v1\/wp-json\/wp\/v2\/posts\/28314","targetHints":{"allow":["GET"]}}],"collection":[{"href":"https:\/\/www.saloanoticias.com\/v1\/wp-json\/wp\/v2\/posts"}],"about":[{"href":"https:\/\/www.saloanoticias.com\/v1\/wp-json\/wp\/v2\/types\/post"}],"author":[{"embeddable":true,"href":"https:\/\/www.saloanoticias.com\/v1\/wp-json\/wp\/v2\/users\/1"}],"replies":[{"embeddable":true,"href":"https:\/\/www.saloanoticias.com\/v1\/wp-json\/wp\/v2\/comments?post=28314"}],"version-history":[{"count":2,"href":"https:\/\/www.saloanoticias.com\/v1\/wp-json\/wp\/v2\/posts\/28314\/revisions"}],"predecessor-version":[{"id":28318,"href":"https:\/\/www.saloanoticias.com\/v1\/wp-json\/wp\/v2\/posts\/28314\/revisions\/28318"}],"wp:featuredmedia":[{"embeddable":true,"href":"https:\/\/www.saloanoticias.com\/v1\/wp-json\/wp\/v2\/media\/28315"}],"wp:attachment":[{"href":"https:\/\/www.saloanoticias.com\/v1\/wp-json\/wp\/v2\/media?parent=28314"}],"wp:term":[{"taxonomy":"category","embeddable":true,"href":"https:\/\/www.saloanoticias.com\/v1\/wp-json\/wp\/v2\/categories?post=28314"},{"taxonomy":"post_tag","embeddable":true,"href":"https:\/\/www.saloanoticias.com\/v1\/wp-json\/wp\/v2\/tags?post=28314"}],"curies":[{"name":"wp","href":"https:\/\/api.w.org\/{rel}","templated":true}]}}