{"id":28300,"date":"2025-04-21T16:30:06","date_gmt":"2025-04-21T19:30:06","guid":{"rendered":"https:\/\/www.saloanoticias.com\/v1\/?p=28300"},"modified":"2025-04-21T16:35:07","modified_gmt":"2025-04-21T19:35:07","slug":"catolicos-saloaenses-celebram-a-ressurreicao-de-cristo-em-missa-solene-de-domingo-de-pascoa","status":"publish","type":"post","link":"https:\/\/www.saloanoticias.com\/v1\/catolicos-saloaenses-celebram-a-ressurreicao-de-cristo-em-missa-solene-de-domingo-de-pascoa\/","title":{"rendered":"Cat\u00f3licos saloaenses celebram a ressurrei\u00e7\u00e3o de Cristo em missa solene de domingo de P\u00e1scoa"},"content":{"rendered":"\n<p>A Par\u00f3quia de S\u00e3o Vicente de Paulo, em Salo\u00e1, foi o epicentro das celebra\u00e7\u00f5es da P\u00e1scoa na manh\u00e3 deste domingo (20). Uma grande quantidade de fi\u00e9is cat\u00f3licos se reuniu para participar da solene missa de domingo de P\u00e1scoa, presidida pelo Padre Thiago Lopes.<\/p>\n\n\n\n<p>A igreja ficou repleta de fi\u00e9is de todas as idades, que compareceram para celebrar a ressurrei\u00e7\u00e3o de Jesus Cristo, o ponto central da f\u00e9 crist\u00e3. A atmosfera era de alegria, esperan\u00e7a e profunda devo\u00e7\u00e3o, marcando o triunfo da vida sobre a morte e a renova\u00e7\u00e3o da f\u00e9.<\/p>\n\n\n\n<p>A liturgia da missa de P\u00e1scoa foi conduzida com solenidade pelo Padre Thiago Lopes, que em sua homilia, ressaltou o significado da ressurrei\u00e7\u00e3o para a vida dos crist\u00e3os. Ele enfatizou a vit\u00f3ria de Cristo sobre o pecado e a morte, convidando os fi\u00e9is a renovarem sua f\u00e9 e a viverem como testemunhas do amor e da miseric\u00f3rdia de Deus.<\/p>\n\n\n\n<p>Os cantos lit\u00fargicos elevaram o esp\u00edrito dos presentes, criando um ambiente de profunda comunh\u00e3o e ora\u00e7\u00e3o. Os s\u00edmbolos pascais, como o c\u00edrio pascal, representando a luz de Cristo que vence as trevas, e a \u00e1gua benta, recordando o batismo e a purifica\u00e7\u00e3o, enriqueceram a celebra\u00e7\u00e3o.<\/p>\n\n\n\n<p>A participa\u00e7\u00e3o expressiva dos fi\u00e9is na missa de domingo de P\u00e1scoa demonstra a forte tradi\u00e7\u00e3o cat\u00f3lica presente em Salo\u00e1 e a import\u00e2ncia da celebra\u00e7\u00e3o da ressurrei\u00e7\u00e3o de Cristo para a comunidade. A solenidade presidida pelo Padre Thiago Lopes foi um momento de renova\u00e7\u00e3o da f\u00e9, de fortalecimento dos la\u00e7os comunit\u00e1rios e de celebra\u00e7\u00e3o da esperan\u00e7a que a P\u00e1scoa representa para os crist\u00e3os de Salo\u00e1. A alegria da ressurrei\u00e7\u00e3o contagiou a todos, marcando o domingo com um sentimento de paz e renova\u00e7\u00e3o.<\/p>\n<div style=\"margin-top: 0px; margin-bottom: 0px;\" class=\"sharethis-inline-share-buttons\" ><\/div>","protected":false},"excerpt":{"rendered":"<p>A Par\u00f3quia de S\u00e3o Vicente de Paulo, em Salo\u00e1, foi o epicentro das celebra\u00e7\u00f5es da P\u00e1scoa na manh\u00e3 deste domingo (20). Uma grande quantidade de fi\u00e9is cat\u00f3licos se reuniu para participar da solene missa de domingo de P\u00e1scoa, presidida pelo Padre Thiago Lopes. A igreja ficou repleta de fi\u00e9is de todas as idades, que compareceram [&hellip;]<\/p>\n","protected":false},"author":1,"featured_media":28303,"comment_status":"closed","ping_status":"closed","sticky":false,"template":"","format":"standard","meta":{"footnotes":""},"categories":[16],"tags":[22],"class_list":["post-28300","post","type-post","status-publish","format-standard","has-post-thumbnail","hentry","category-religiao","tag-destaques"],"_links":{"self":[{"href":"https:\/\/www.saloanoticias.com\/v1\/wp-json\/wp\/v2\/posts\/28300","targetHints":{"allow":["GET"]}}],"collection":[{"href":"https:\/\/www.saloanoticias.com\/v1\/wp-json\/wp\/v2\/posts"}],"about":[{"href":"https:\/\/www.saloanoticias.com\/v1\/wp-json\/wp\/v2\/types\/post"}],"author":[{"embeddable":true,"href":"https:\/\/www.saloanoticias.com\/v1\/wp-json\/wp\/v2\/users\/1"}],"replies":[{"embeddable":true,"href":"https:\/\/www.saloanoticias.com\/v1\/wp-json\/wp\/v2\/comments?post=28300"}],"version-history":[{"count":1,"href":"https:\/\/www.saloanoticias.com\/v1\/wp-json\/wp\/v2\/posts\/28300\/revisions"}],"predecessor-version":[{"id":28302,"href":"https:\/\/www.saloanoticias.com\/v1\/wp-json\/wp\/v2\/posts\/28300\/revisions\/28302"}],"wp:featuredmedia":[{"embeddable":true,"href":"https:\/\/www.saloanoticias.com\/v1\/wp-json\/wp\/v2\/media\/28303"}],"wp:attachment":[{"href":"https:\/\/www.saloanoticias.com\/v1\/wp-json\/wp\/v2\/media?parent=28300"}],"wp:term":[{"taxonomy":"category","embeddable":true,"href":"https:\/\/www.saloanoticias.com\/v1\/wp-json\/wp\/v2\/categories?post=28300"},{"taxonomy":"post_tag","embeddable":true,"href":"https:\/\/www.saloanoticias.com\/v1\/wp-json\/wp\/v2\/tags?post=28300"}],"curies":[{"name":"wp","href":"https:\/\/api.w.org\/{rel}","templated":true}]}}