{"id":28293,"date":"2025-04-21T09:52:58","date_gmt":"2025-04-21T12:52:58","guid":{"rendered":"https:\/\/www.saloanoticias.com\/v1\/?p=28293"},"modified":"2025-04-21T10:39:52","modified_gmt":"2025-04-21T13:39:52","slug":"morre-o-papa-francisco-aos-88-anos-de-idade","status":"publish","type":"post","link":"https:\/\/www.saloanoticias.com\/v1\/morre-o-papa-francisco-aos-88-anos-de-idade\/","title":{"rendered":"Morre o Papa Francisco aos 88 anos de idade"},"content":{"rendered":"\n<p>O Papa Francisco, nascido Jorge Mario Bergoglio em Buenos Aires, Argentina, faleceu nesta segunda-feira, 21 de abril de 2025, aos 88 anos, em sua resid\u00eancia no Vaticano, a Domus Sanctae Marthae. A not\u00edcia foi confirmada pelo cardeal Kevin Farrell, camerlengo da Santa S\u00e9, por volta das 7h35 (hor\u00e1rio local).<\/p>\n\n\n\n<p><strong>Trajet\u00f3ria hist\u00f3rica e legado<\/strong>: Eleito papa em 13 de mar\u00e7o de 2013, Francisco foi o primeiro pont\u00edfice latino-americano e o primeiro jesu\u00edta a liderar a Igreja Cat\u00f3lica. Durante seu papado, destacou-se por sua postura de humildade, compromisso com os mais pobres, defesa do meio ambiente e promo\u00e7\u00e3o do di\u00e1logo inter-religioso. Foi tamb\u00e9m um defensor da inclus\u00e3o das mulheres na Igreja e criticou abertamente os conflitos b\u00e9licos e a injusti\u00e7a social&nbsp; .<\/p>\n\n\n\n<p><strong>\u00daltimos dias e funeral<\/strong>: Francisco estava hospitalizado desde 14 de fevereiro devido a uma pneumonia bilateral e complica\u00e7\u00f5es respirat\u00f3rias. Ap\u00f3s uma interna\u00e7\u00e3o de cinco semanas, recebeu alta em 23 de mar\u00e7o, mas sua sa\u00fade continuou a se deteriorar. Sua \u00faltima apari\u00e7\u00e3o p\u00fablica ocorreu em 20 de abril, quando aben\u00e7oou os fi\u00e9is na Pra\u00e7a de S\u00e3o Pedro ap\u00f3s a missa de P\u00e1scoa .<\/p>\n\n\n\n<p>Seu funeral ser\u00e1 realizado na Bas\u00edlica de Santa Maria Maior, em Roma, atendendo ao seu desejo de simplicidade. O corpo ser\u00e1 velado na Capela do Sant\u00edssimo Sacramento, e a cerim\u00f4nia contar\u00e1 com a presen\u00e7a de l\u00edderes religiosos e autoridades de diversas partes do mundo. O c\u00f3nclave para a escolha de seu sucessor dever\u00e1 ocorrer entre 15 e 20 dias ap\u00f3s o in\u00edcio da Sede Vacante, conforme as normas da Igreja .<\/p>\n\n\n\n<p><strong>Repercuss\u00e3o internacional<\/strong>: A morte do Papa Francisco causou como\u00e7\u00e3o mundial. L\u00edderes pol\u00edticos e religiosos expressaram pesar e destacaram seu legado de servi\u00e7o \u00e0 humanidade. O presidente Luiz In\u00e1cio Lula da Silva, do Brasil, o descreveu como \u201cexemplo de vida, solidariedade e dedica\u00e7\u00e3o\u201d, ressaltando sua luta por um mundo mais justo e fraterno.<\/p>\n\n\n\n<p>Sua partida marca o fim de um papado caracterizado pela busca incessante por justi\u00e7a social, paz e inclus\u00e3o, deixando um legado duradouro na hist\u00f3ria da Igreja Cat\u00f3lica e no cora\u00e7\u00e3o dos fi\u00e9is ao redor do mundo.<\/p>\n<div style=\"margin-top: 0px; margin-bottom: 0px;\" class=\"sharethis-inline-share-buttons\" ><\/div>","protected":false},"excerpt":{"rendered":"<p>O Papa Francisco, nascido Jorge Mario Bergoglio em Buenos Aires, Argentina, faleceu nesta segunda-feira, 21 de abril de 2025, aos 88 anos, em sua resid\u00eancia no Vaticano, a Domus Sanctae Marthae. A not\u00edcia foi confirmada pelo cardeal Kevin Farrell, camerlengo da Santa S\u00e9, por volta das 7h35 (hor\u00e1rio local). Trajet\u00f3ria hist\u00f3rica e legado: Eleito papa [&hellip;]<\/p>\n","protected":false},"author":1,"featured_media":28295,"comment_status":"closed","ping_status":"closed","sticky":false,"template":"","format":"standard","meta":{"footnotes":""},"categories":[16],"tags":[22],"class_list":["post-28293","post","type-post","status-publish","format-standard","has-post-thumbnail","hentry","category-religiao","tag-destaques"],"_links":{"self":[{"href":"https:\/\/www.saloanoticias.com\/v1\/wp-json\/wp\/v2\/posts\/28293","targetHints":{"allow":["GET"]}}],"collection":[{"href":"https:\/\/www.saloanoticias.com\/v1\/wp-json\/wp\/v2\/posts"}],"about":[{"href":"https:\/\/www.saloanoticias.com\/v1\/wp-json\/wp\/v2\/types\/post"}],"author":[{"embeddable":true,"href":"https:\/\/www.saloanoticias.com\/v1\/wp-json\/wp\/v2\/users\/1"}],"replies":[{"embeddable":true,"href":"https:\/\/www.saloanoticias.com\/v1\/wp-json\/wp\/v2\/comments?post=28293"}],"version-history":[{"count":4,"href":"https:\/\/www.saloanoticias.com\/v1\/wp-json\/wp\/v2\/posts\/28293\/revisions"}],"predecessor-version":[{"id":28299,"href":"https:\/\/www.saloanoticias.com\/v1\/wp-json\/wp\/v2\/posts\/28293\/revisions\/28299"}],"wp:featuredmedia":[{"embeddable":true,"href":"https:\/\/www.saloanoticias.com\/v1\/wp-json\/wp\/v2\/media\/28295"}],"wp:attachment":[{"href":"https:\/\/www.saloanoticias.com\/v1\/wp-json\/wp\/v2\/media?parent=28293"}],"wp:term":[{"taxonomy":"category","embeddable":true,"href":"https:\/\/www.saloanoticias.com\/v1\/wp-json\/wp\/v2\/categories?post=28293"},{"taxonomy":"post_tag","embeddable":true,"href":"https:\/\/www.saloanoticias.com\/v1\/wp-json\/wp\/v2\/tags?post=28293"}],"curies":[{"name":"wp","href":"https:\/\/api.w.org\/{rel}","templated":true}]}}