{"id":28253,"date":"2025-04-16T11:42:28","date_gmt":"2025-04-16T14:42:28","guid":{"rendered":"https:\/\/www.saloanoticias.com\/v1\/?p=28253"},"modified":"2025-04-16T11:46:35","modified_gmt":"2025-04-16T14:46:35","slug":"junior-de-rivaldo-comemora-o-inicio-das-obras-de-restauracao-da-pe-223-que-liga-o-alto-da-serra-a-saloa","status":"publish","type":"post","link":"https:\/\/www.saloanoticias.com\/v1\/junior-de-rivaldo-comemora-o-inicio-das-obras-de-restauracao-da-pe-223-que-liga-o-alto-da-serra-a-saloa\/","title":{"rendered":"J\u00fanior de Rivaldo comemora o in\u00edcio das obras de restaura\u00e7\u00e3o da PE 223 que liga o Alto da Serra a Salo\u00e1"},"content":{"rendered":"\n<p>Uma not\u00edcia aguardada com grande expectativa pela popula\u00e7\u00e3o de Salo\u00e1 e regi\u00e3o se concretizou: as obras de restaura\u00e7\u00e3o da PE-223 tiveram seu pontap\u00e9 inicial nesta quarta-feira (16).<\/p>\n\n\n\n<p>A rodovia, que desempenha um papel crucial na liga\u00e7\u00e3o entre o Posto Alto da Serra e a cidade de Salo\u00e1, passar\u00e1 por uma revitaliza\u00e7\u00e3o completa, prometendo melhorar significativamente o tr\u00e1fego e a qualidade de vida dos moradores.<\/p>\n\n\n\n<p>O prefeito J\u00fanior de Rivaldo n\u00e3o escondeu sua satisfa\u00e7\u00e3o com o in\u00edcio dos trabalhos. Em suas declara\u00e7\u00f5es, o gestor municipal expressou profunda alegria e gratid\u00e3o aos importantes atores que tornaram a obra uma realidade. Ele fez quest\u00e3o de agradecer o empenho dos deputados Lula da Fonte e Dannilo Godoy, cujo apoio foi fundamental para a aprova\u00e7\u00e3o e libera\u00e7\u00e3o dos recursos necess\u00e1rios.<\/p>\n\n\n\n<p>O agradecimento especial do prefeito foi direcionado \u00e0 governadora Raquele Lyra. J\u00fanior de Rivaldo reconheceu o comprometimento da chefe do executivo estadual em priorizar a restaura\u00e7\u00e3o da PE-223, destacando sua sensibilidade em atender a uma demanda antiga da popula\u00e7\u00e3o local.<\/p>\n\n\n\n<p>&#8220;Ver essa obra sair do papel \u00e9 motivo de grande alegria para todos n\u00f3s. Agrade\u00e7o imensamente \u00e0 nossa governadora Raquele Lyra, por sua vis\u00e3o e por transformar esse sonho em realidade&#8221;, declarou o prefeito.<\/p>\n\n\n\n<p>J\u00fanior de Rivaldo ressaltou ainda que a\u00e7\u00f5es como essa o motivam ainda mais a continuar trabalhando em prol do povo de Salo\u00e1. A restaura\u00e7\u00e3o da PE-223 n\u00e3o \u00e9 apenas uma melhoria na infraestrutura vi\u00e1ria, mas tamb\u00e9m um impulso para a economia local, facilitando o acesso a servi\u00e7os, o escoamento da produ\u00e7\u00e3o e o deslocamento dos cidad\u00e3os.<\/p>\n\n\n\n<p>A expectativa \u00e9 que a rodovia, ap\u00f3s a conclus\u00e3o das obras, proporcione mais seguran\u00e7a e conforto para todos que a utilizam.<\/p>\n<div style=\"margin-top: 0px; margin-bottom: 0px;\" class=\"sharethis-inline-share-buttons\" ><\/div>","protected":false},"excerpt":{"rendered":"<p>Uma not\u00edcia aguardada com grande expectativa pela popula\u00e7\u00e3o de Salo\u00e1 e regi\u00e3o se concretizou: as obras de restaura\u00e7\u00e3o da PE-223 tiveram seu pontap\u00e9 inicial nesta quarta-feira (16). A rodovia, que desempenha um papel crucial na liga\u00e7\u00e3o entre o Posto Alto da Serra e a cidade de Salo\u00e1, passar\u00e1 por uma revitaliza\u00e7\u00e3o completa, prometendo melhorar significativamente [&hellip;]<\/p>\n","protected":false},"author":1,"featured_media":28254,"comment_status":"closed","ping_status":"closed","sticky":false,"template":"","format":"standard","meta":{"footnotes":""},"categories":[21],"tags":[22],"class_list":["post-28253","post","type-post","status-publish","format-standard","has-post-thumbnail","hentry","category-cidade","tag-destaques"],"_links":{"self":[{"href":"https:\/\/www.saloanoticias.com\/v1\/wp-json\/wp\/v2\/posts\/28253","targetHints":{"allow":["GET"]}}],"collection":[{"href":"https:\/\/www.saloanoticias.com\/v1\/wp-json\/wp\/v2\/posts"}],"about":[{"href":"https:\/\/www.saloanoticias.com\/v1\/wp-json\/wp\/v2\/types\/post"}],"author":[{"embeddable":true,"href":"https:\/\/www.saloanoticias.com\/v1\/wp-json\/wp\/v2\/users\/1"}],"replies":[{"embeddable":true,"href":"https:\/\/www.saloanoticias.com\/v1\/wp-json\/wp\/v2\/comments?post=28253"}],"version-history":[{"count":2,"href":"https:\/\/www.saloanoticias.com\/v1\/wp-json\/wp\/v2\/posts\/28253\/revisions"}],"predecessor-version":[{"id":28257,"href":"https:\/\/www.saloanoticias.com\/v1\/wp-json\/wp\/v2\/posts\/28253\/revisions\/28257"}],"wp:featuredmedia":[{"embeddable":true,"href":"https:\/\/www.saloanoticias.com\/v1\/wp-json\/wp\/v2\/media\/28254"}],"wp:attachment":[{"href":"https:\/\/www.saloanoticias.com\/v1\/wp-json\/wp\/v2\/media?parent=28253"}],"wp:term":[{"taxonomy":"category","embeddable":true,"href":"https:\/\/www.saloanoticias.com\/v1\/wp-json\/wp\/v2\/categories?post=28253"},{"taxonomy":"post_tag","embeddable":true,"href":"https:\/\/www.saloanoticias.com\/v1\/wp-json\/wp\/v2\/tags?post=28253"}],"curies":[{"name":"wp","href":"https:\/\/api.w.org\/{rel}","templated":true}]}}