{"id":28233,"date":"2025-04-15T19:10:17","date_gmt":"2025-04-15T22:10:17","guid":{"rendered":"https:\/\/www.saloanoticias.com\/v1\/?p=28233"},"modified":"2025-04-15T19:23:47","modified_gmt":"2025-04-15T22:23:47","slug":"prefeitura-de-saloa-celebra-o-sucesso-na-entrega-do-peixe-da-semana-santa-mantendo-viva-a-tradicao-crista","status":"publish","type":"post","link":"https:\/\/www.saloanoticias.com\/v1\/prefeitura-de-saloa-celebra-o-sucesso-na-entrega-do-peixe-da-semana-santa-mantendo-viva-a-tradicao-crista\/","title":{"rendered":"Prefeitura de Salo\u00e1 celebra o sucesso na entrega do Peixe da Semana Santa, mantendo viva a tradi\u00e7\u00e3o crist\u00e3"},"content":{"rendered":"\n<p>A cidade de Salo\u00e1, no Agreste de Pernambuco, celebrou mais um ano de sucesso na tradicional entrega do Peixe da Semana Santa. A a\u00e7\u00e3o, realizada nesta ter\u00e7a-feira, dia 15 de abril, sob a lideran\u00e7a do prefeito J\u00fanior de Rivaldo, contou com a participa\u00e7\u00e3o de vereadores e secret\u00e1rios municipais, demonstrando o engajamento da administra\u00e7\u00e3o com o bem-estar da popula\u00e7\u00e3o.<\/p>\n\n\n<div class=\"wp-block-image\">\n<figure class=\"aligncenter size-large\"><img loading=\"lazy\" decoding=\"async\" width=\"1024\" height=\"678\" src=\"https:\/\/www.saloanoticias.com\/v1\/wp-content\/uploads\/2025\/04\/IMG_5441-1024x678.jpeg\" alt=\"\" class=\"wp-image-28237\" srcset=\"https:\/\/www.saloanoticias.com\/v1\/wp-content\/uploads\/2025\/04\/IMG_5441-1024x678.jpeg 1024w, https:\/\/www.saloanoticias.com\/v1\/wp-content\/uploads\/2025\/04\/IMG_5441-300x199.jpeg 300w, https:\/\/www.saloanoticias.com\/v1\/wp-content\/uploads\/2025\/04\/IMG_5441-768x509.jpeg 768w, https:\/\/www.saloanoticias.com\/v1\/wp-content\/uploads\/2025\/04\/IMG_5441-1536x1017.jpeg 1536w, https:\/\/www.saloanoticias.com\/v1\/wp-content\/uploads\/2025\/04\/IMG_5441-2048x1356.jpeg 2048w\" sizes=\"auto, (max-width: 1024px) 100vw, 1024px\" \/><\/figure>\n<\/div>\n\n\n<p>A distribui\u00e7\u00e3o do pescado, que totalizou 10 toneladas, beneficiou milhares de fam\u00edlias tanto na zona urbana quanto na zona rural do munic\u00edpio. A iniciativa representa um gesto de solidariedade e respeito \u00e0 tradi\u00e7\u00e3o crist\u00e3 da Semana Santa, garantindo que a popula\u00e7\u00e3o tenha acesso a um alimento essencial neste per\u00edodo de reflex\u00e3o e f\u00e9.<\/p>\n\n\n<div class=\"wp-block-image\">\n<figure class=\"aligncenter size-large\"><img loading=\"lazy\" decoding=\"async\" width=\"1024\" height=\"678\" src=\"https:\/\/www.saloanoticias.com\/v1\/wp-content\/uploads\/2025\/04\/IMG_5451-1024x678.jpeg\" alt=\"\" class=\"wp-image-28243\" srcset=\"https:\/\/www.saloanoticias.com\/v1\/wp-content\/uploads\/2025\/04\/IMG_5451-1024x678.jpeg 1024w, https:\/\/www.saloanoticias.com\/v1\/wp-content\/uploads\/2025\/04\/IMG_5451-300x199.jpeg 300w, https:\/\/www.saloanoticias.com\/v1\/wp-content\/uploads\/2025\/04\/IMG_5451-768x509.jpeg 768w, https:\/\/www.saloanoticias.com\/v1\/wp-content\/uploads\/2025\/04\/IMG_5451-1536x1017.jpeg 1536w, https:\/\/www.saloanoticias.com\/v1\/wp-content\/uploads\/2025\/04\/IMG_5451-2048x1356.jpeg 2048w\" sizes=\"auto, (max-width: 1024px) 100vw, 1024px\" \/><\/figure>\n<\/div>\n\n<div class=\"wp-block-image\">\n<figure class=\"aligncenter size-large\"><img loading=\"lazy\" decoding=\"async\" width=\"1024\" height=\"678\" src=\"https:\/\/www.saloanoticias.com\/v1\/wp-content\/uploads\/2025\/04\/IMG_5443-1024x678.jpeg\" alt=\"\" class=\"wp-image-28238\" srcset=\"https:\/\/www.saloanoticias.com\/v1\/wp-content\/uploads\/2025\/04\/IMG_5443-1024x678.jpeg 1024w, https:\/\/www.saloanoticias.com\/v1\/wp-content\/uploads\/2025\/04\/IMG_5443-300x199.jpeg 300w, https:\/\/www.saloanoticias.com\/v1\/wp-content\/uploads\/2025\/04\/IMG_5443-768x509.jpeg 768w, https:\/\/www.saloanoticias.com\/v1\/wp-content\/uploads\/2025\/04\/IMG_5443-1536x1017.jpeg 1536w, https:\/\/www.saloanoticias.com\/v1\/wp-content\/uploads\/2025\/04\/IMG_5443-2048x1356.jpeg 2048w\" sizes=\"auto, (max-width: 1024px) 100vw, 1024px\" \/><\/figure>\n<\/div>\n\n\n<p>A entrega do Peixe da Semana Santa \u00e9 uma tradi\u00e7\u00e3o consolidada em Salo\u00e1, que se renova a cada ano, fortalecendo os la\u00e7os comunit\u00e1rios e celebrando os valores da partilha e da fraternidade. O prefeito J\u00fanior de Rivaldo expressou sua satisfa\u00e7\u00e3o em poder proporcionar este momento especial para os saloaenses, destacando a import\u00e2ncia de manter viva a tradi\u00e7\u00e3o e garantir a dignidade da popula\u00e7\u00e3o.<\/p>\n\n\n<div class=\"wp-block-image\">\n<figure class=\"aligncenter size-large\"><img loading=\"lazy\" decoding=\"async\" width=\"1024\" height=\"678\" src=\"https:\/\/www.saloanoticias.com\/v1\/wp-content\/uploads\/2025\/04\/IMG_5438-1024x678.jpeg\" alt=\"\" class=\"wp-image-28239\" srcset=\"https:\/\/www.saloanoticias.com\/v1\/wp-content\/uploads\/2025\/04\/IMG_5438-1024x678.jpeg 1024w, https:\/\/www.saloanoticias.com\/v1\/wp-content\/uploads\/2025\/04\/IMG_5438-300x199.jpeg 300w, https:\/\/www.saloanoticias.com\/v1\/wp-content\/uploads\/2025\/04\/IMG_5438-768x509.jpeg 768w, https:\/\/www.saloanoticias.com\/v1\/wp-content\/uploads\/2025\/04\/IMG_5438-1536x1017.jpeg 1536w, https:\/\/www.saloanoticias.com\/v1\/wp-content\/uploads\/2025\/04\/IMG_5438-2048x1356.jpeg 2048w\" sizes=\"auto, (max-width: 1024px) 100vw, 1024px\" \/><\/figure>\n<\/div>\n\n\n<p>&#8220;\u00c9 com grande alegria que celebramos mais um ano desta tradi\u00e7\u00e3o t\u00e3o importante para nossa cidade. A entrega do Peixe da Semana Santa \u00e9 um gesto de amor e cuidado com o pr\u00f3ximo, que nos permite levar alimento e esperan\u00e7a para milhares de fam\u00edlias. Agrade\u00e7o a todos os envolvidos nesta a\u00e7\u00e3o e reafirmo nosso compromisso em continuar trabalhando para o bem-estar de nossa popula\u00e7\u00e3o&#8221;, declarou o prefeito J\u00fanior de Rivaldo.<\/p>\n\n\n<div class=\"wp-block-image\">\n<figure class=\"aligncenter size-large\"><img loading=\"lazy\" decoding=\"async\" width=\"1024\" height=\"678\" src=\"https:\/\/www.saloanoticias.com\/v1\/wp-content\/uploads\/2025\/04\/IMG_5448-1024x678.jpeg\" alt=\"\" class=\"wp-image-28246\" srcset=\"https:\/\/www.saloanoticias.com\/v1\/wp-content\/uploads\/2025\/04\/IMG_5448-1024x678.jpeg 1024w, https:\/\/www.saloanoticias.com\/v1\/wp-content\/uploads\/2025\/04\/IMG_5448-300x199.jpeg 300w, https:\/\/www.saloanoticias.com\/v1\/wp-content\/uploads\/2025\/04\/IMG_5448-768x509.jpeg 768w, https:\/\/www.saloanoticias.com\/v1\/wp-content\/uploads\/2025\/04\/IMG_5448-1536x1017.jpeg 1536w, https:\/\/www.saloanoticias.com\/v1\/wp-content\/uploads\/2025\/04\/IMG_5448-2048x1356.jpeg 2048w\" sizes=\"auto, (max-width: 1024px) 100vw, 1024px\" \/><\/figure>\n<\/div>\n\n<div class=\"wp-block-image\">\n<figure class=\"aligncenter size-large\"><img loading=\"lazy\" decoding=\"async\" width=\"1024\" height=\"678\" src=\"https:\/\/www.saloanoticias.com\/v1\/wp-content\/uploads\/2025\/04\/IMG_5447-1024x678.jpeg\" alt=\"\" class=\"wp-image-28247\" srcset=\"https:\/\/www.saloanoticias.com\/v1\/wp-content\/uploads\/2025\/04\/IMG_5447-1024x678.jpeg 1024w, https:\/\/www.saloanoticias.com\/v1\/wp-content\/uploads\/2025\/04\/IMG_5447-300x199.jpeg 300w, https:\/\/www.saloanoticias.com\/v1\/wp-content\/uploads\/2025\/04\/IMG_5447-768x509.jpeg 768w, https:\/\/www.saloanoticias.com\/v1\/wp-content\/uploads\/2025\/04\/IMG_5447-1536x1017.jpeg 1536w, https:\/\/www.saloanoticias.com\/v1\/wp-content\/uploads\/2025\/04\/IMG_5447-2048x1356.jpeg 2048w\" sizes=\"auto, (max-width: 1024px) 100vw, 1024px\" \/><\/figure>\n<\/div>\n\n\n<p>A iniciativa da Prefeitura de Salo\u00e1 refor\u00e7a o esp\u00edrito de uni\u00e3o e solidariedade que marca a Semana Santa, um momento de reflex\u00e3o e renova\u00e7\u00e3o para os crist\u00e3os. A entrega do peixe representa um gesto de amor e cuidado com o pr\u00f3ximo, fortalecendo os la\u00e7os comunit\u00e1rios e celebrando a tradi\u00e7\u00e3o religiosa.<\/p>\n\n\n<div class=\"wp-block-image\">\n<figure class=\"aligncenter size-large\"><img loading=\"lazy\" decoding=\"async\" width=\"1024\" height=\"678\" src=\"https:\/\/www.saloanoticias.com\/v1\/wp-content\/uploads\/2025\/04\/IMG_5450-1-1024x678.jpeg\" alt=\"\" class=\"wp-image-28249\" srcset=\"https:\/\/www.saloanoticias.com\/v1\/wp-content\/uploads\/2025\/04\/IMG_5450-1-1024x678.jpeg 1024w, https:\/\/www.saloanoticias.com\/v1\/wp-content\/uploads\/2025\/04\/IMG_5450-1-300x199.jpeg 300w, https:\/\/www.saloanoticias.com\/v1\/wp-content\/uploads\/2025\/04\/IMG_5450-1-768x509.jpeg 768w, https:\/\/www.saloanoticias.com\/v1\/wp-content\/uploads\/2025\/04\/IMG_5450-1-1536x1017.jpeg 1536w, https:\/\/www.saloanoticias.com\/v1\/wp-content\/uploads\/2025\/04\/IMG_5450-1-2048x1356.jpeg 2048w\" sizes=\"auto, (max-width: 1024px) 100vw, 1024px\" \/><\/figure>\n<\/div>\n\n<div class=\"wp-block-image\">\n<figure class=\"aligncenter size-large\"><img loading=\"lazy\" decoding=\"async\" width=\"1024\" height=\"678\" src=\"https:\/\/www.saloanoticias.com\/v1\/wp-content\/uploads\/2025\/04\/IMG_5449-1024x678.jpeg\" alt=\"\" class=\"wp-image-28245\" srcset=\"https:\/\/www.saloanoticias.com\/v1\/wp-content\/uploads\/2025\/04\/IMG_5449-1024x678.jpeg 1024w, https:\/\/www.saloanoticias.com\/v1\/wp-content\/uploads\/2025\/04\/IMG_5449-300x199.jpeg 300w, https:\/\/www.saloanoticias.com\/v1\/wp-content\/uploads\/2025\/04\/IMG_5449-768x509.jpeg 768w, https:\/\/www.saloanoticias.com\/v1\/wp-content\/uploads\/2025\/04\/IMG_5449-1536x1017.jpeg 1536w, https:\/\/www.saloanoticias.com\/v1\/wp-content\/uploads\/2025\/04\/IMG_5449-2048x1356.jpeg 2048w\" sizes=\"auto, (max-width: 1024px) 100vw, 1024px\" \/><\/figure>\n<\/div><div style=\"margin-top: 0px; margin-bottom: 0px;\" class=\"sharethis-inline-share-buttons\" ><\/div>","protected":false},"excerpt":{"rendered":"<p>A cidade de Salo\u00e1, no Agreste de Pernambuco, celebrou mais um ano de sucesso na tradicional entrega do Peixe da Semana Santa. A a\u00e7\u00e3o, realizada nesta ter\u00e7a-feira, dia 15 de abril, sob a lideran\u00e7a do prefeito J\u00fanior de Rivaldo, contou com a participa\u00e7\u00e3o de vereadores e secret\u00e1rios municipais, demonstrando o engajamento da administra\u00e7\u00e3o com o [&hellip;]<\/p>\n","protected":false},"author":1,"featured_media":28235,"comment_status":"closed","ping_status":"closed","sticky":false,"template":"","format":"standard","meta":{"footnotes":""},"categories":[21],"tags":[22],"class_list":["post-28233","post","type-post","status-publish","format-standard","has-post-thumbnail","hentry","category-cidade","tag-destaques"],"_links":{"self":[{"href":"https:\/\/www.saloanoticias.com\/v1\/wp-json\/wp\/v2\/posts\/28233","targetHints":{"allow":["GET"]}}],"collection":[{"href":"https:\/\/www.saloanoticias.com\/v1\/wp-json\/wp\/v2\/posts"}],"about":[{"href":"https:\/\/www.saloanoticias.com\/v1\/wp-json\/wp\/v2\/types\/post"}],"author":[{"embeddable":true,"href":"https:\/\/www.saloanoticias.com\/v1\/wp-json\/wp\/v2\/users\/1"}],"replies":[{"embeddable":true,"href":"https:\/\/www.saloanoticias.com\/v1\/wp-json\/wp\/v2\/comments?post=28233"}],"version-history":[{"count":5,"href":"https:\/\/www.saloanoticias.com\/v1\/wp-json\/wp\/v2\/posts\/28233\/revisions"}],"predecessor-version":[{"id":28252,"href":"https:\/\/www.saloanoticias.com\/v1\/wp-json\/wp\/v2\/posts\/28233\/revisions\/28252"}],"wp:featuredmedia":[{"embeddable":true,"href":"https:\/\/www.saloanoticias.com\/v1\/wp-json\/wp\/v2\/media\/28235"}],"wp:attachment":[{"href":"https:\/\/www.saloanoticias.com\/v1\/wp-json\/wp\/v2\/media?parent=28233"}],"wp:term":[{"taxonomy":"category","embeddable":true,"href":"https:\/\/www.saloanoticias.com\/v1\/wp-json\/wp\/v2\/categories?post=28233"},{"taxonomy":"post_tag","embeddable":true,"href":"https:\/\/www.saloanoticias.com\/v1\/wp-json\/wp\/v2\/tags?post=28233"}],"curies":[{"name":"wp","href":"https:\/\/api.w.org\/{rel}","templated":true}]}}