{"id":28228,"date":"2025-04-14T13:37:35","date_gmt":"2025-04-14T16:37:35","guid":{"rendered":"https:\/\/www.saloanoticias.com\/v1\/?p=28228"},"modified":"2025-04-14T18:33:05","modified_gmt":"2025-04-14T21:33:05","slug":"familia-busca-por-antonio-anjo-de-oliveira-desaparecido-desde-09-04-2025","status":"publish","type":"post","link":"https:\/\/www.saloanoticias.com\/v1\/familia-busca-por-antonio-anjo-de-oliveira-desaparecido-desde-09-04-2025\/","title":{"rendered":"Fam\u00edlia busca por Ant\u00f4nio Anjo de Oliveira, desaparecido desde 09\/04\/2025"},"content":{"rendered":"\n<p>A fam\u00edlia do Sr. Ant\u00f4nio Anjo de Oliveira vive momentos de ang\u00fastia e incerteza desde o dia 09 de abril de 2025, data em que ele desapareceu. Desde ent\u00e3o, amigos e familiares se mobilizam em uma busca incessante por informa\u00e7\u00f5es que possam levar ao seu paradeiro.<\/p>\n\n\n\n<p>A fam\u00edlia, desesperada por not\u00edcias, pede encarecidamente a colabora\u00e7\u00e3o de todos que possam ter visto ou ter qualquer informa\u00e7\u00e3o sobre o paradeiro de Ant\u00f4nio. Qualquer informa\u00e7\u00e3o, por menor que pare\u00e7a, pode ser crucial para ajudar a fam\u00edlia a reencontrar Ant\u00f4nio.<\/p>\n\n\n\n<p>A fam\u00edlia agradece imensamente a todos que puderem colaborar com informa\u00e7\u00f5es e pede que compartilhem a not\u00edcia do desaparecimento para que mais pessoas possam ajudar nesta busca. A fam\u00edlia de Ant\u00f4nio Anjo de Oliveira espera ansiosamente por not\u00edcias e agradece a todos que se unirem a esta corrente de esperan\u00e7a. Qualquer informa\u00e7\u00e3o sobre o idoso repassar para a Delegacia de Pol\u00edcia Civil de Salo\u00e1.<\/p>\n<div style=\"margin-top: 0px; margin-bottom: 0px;\" class=\"sharethis-inline-share-buttons\" ><\/div>","protected":false},"excerpt":{"rendered":"<p>A fam\u00edlia do Sr. Ant\u00f4nio Anjo de Oliveira vive momentos de ang\u00fastia e incerteza desde o dia 09 de abril de 2025, data em que ele desapareceu. Desde ent\u00e3o, amigos e familiares se mobilizam em uma busca incessante por informa\u00e7\u00f5es que possam levar ao seu paradeiro. A fam\u00edlia, desesperada por not\u00edcias, pede encarecidamente a colabora\u00e7\u00e3o [&hellip;]<\/p>\n","protected":false},"author":1,"featured_media":28230,"comment_status":"closed","ping_status":"closed","sticky":false,"template":"","format":"standard","meta":{"footnotes":""},"categories":[19],"tags":[22],"class_list":["post-28228","post","type-post","status-publish","format-standard","has-post-thumbnail","hentry","category-policial","tag-destaques"],"_links":{"self":[{"href":"https:\/\/www.saloanoticias.com\/v1\/wp-json\/wp\/v2\/posts\/28228","targetHints":{"allow":["GET"]}}],"collection":[{"href":"https:\/\/www.saloanoticias.com\/v1\/wp-json\/wp\/v2\/posts"}],"about":[{"href":"https:\/\/www.saloanoticias.com\/v1\/wp-json\/wp\/v2\/types\/post"}],"author":[{"embeddable":true,"href":"https:\/\/www.saloanoticias.com\/v1\/wp-json\/wp\/v2\/users\/1"}],"replies":[{"embeddable":true,"href":"https:\/\/www.saloanoticias.com\/v1\/wp-json\/wp\/v2\/comments?post=28228"}],"version-history":[{"count":3,"href":"https:\/\/www.saloanoticias.com\/v1\/wp-json\/wp\/v2\/posts\/28228\/revisions"}],"predecessor-version":[{"id":28232,"href":"https:\/\/www.saloanoticias.com\/v1\/wp-json\/wp\/v2\/posts\/28228\/revisions\/28232"}],"wp:featuredmedia":[{"embeddable":true,"href":"https:\/\/www.saloanoticias.com\/v1\/wp-json\/wp\/v2\/media\/28230"}],"wp:attachment":[{"href":"https:\/\/www.saloanoticias.com\/v1\/wp-json\/wp\/v2\/media?parent=28228"}],"wp:term":[{"taxonomy":"category","embeddable":true,"href":"https:\/\/www.saloanoticias.com\/v1\/wp-json\/wp\/v2\/categories?post=28228"},{"taxonomy":"post_tag","embeddable":true,"href":"https:\/\/www.saloanoticias.com\/v1\/wp-json\/wp\/v2\/tags?post=28228"}],"curies":[{"name":"wp","href":"https:\/\/api.w.org\/{rel}","templated":true}]}}