{"id":28222,"date":"2025-04-12T22:37:01","date_gmt":"2025-04-13T01:37:01","guid":{"rendered":"https:\/\/www.saloanoticias.com\/v1\/?p=28222"},"modified":"2025-04-12T23:06:19","modified_gmt":"2025-04-13T02:06:19","slug":"saloa-mantem-tradicao-prefeitura-realiza-entrega-do-peixe-da-semana-santa-na-proxima-terca-feira","status":"publish","type":"post","link":"https:\/\/www.saloanoticias.com\/v1\/saloa-mantem-tradicao-prefeitura-realiza-entrega-do-peixe-da-semana-santa-na-proxima-terca-feira\/","title":{"rendered":"Salo\u00e1 mant\u00e9m tradi\u00e7\u00e3o: Prefeitura realiza entrega do peixe da Semana Santa na pr\u00f3xima ter\u00e7a-feira (15)"},"content":{"rendered":"\n<p>A Prefeitura de Salo\u00e1, mant\u00e9m a tradi\u00e7\u00e3o de proporcionar um momento especial para as fam\u00edlias do munic\u00edpio durante a Semana Santa. Na pr\u00f3xima ter\u00e7a-feira, dia 15 de abril, a partir das 9h, a administra\u00e7\u00e3o municipal realizar\u00e1 a entrega do tradicional Peixe da Semana Santa, um gesto que simboliza a partilha e a solidariedade neste per\u00edodo de reflex\u00e3o e f\u00e9.<\/p>\n\n\n\n<p>Para garantir que todas as fam\u00edlias sejam atendidas, a Prefeitura definiu pontos de distribui\u00e7\u00e3o estrat\u00e9gicos, que correspondem aos postos de sa\u00fade de cada regi\u00e3o. \u00c9 fundamental que os moradores fiquem atentos aos locais de atendimento de seus respectivos postos de sa\u00fade para receberem o pescado.<\/p>\n\n\n\n<p>A entrega do peixe na Semana Santa \u00e9 uma tradi\u00e7\u00e3o consolidada em Salo\u00e1, que demonstra o compromisso da administra\u00e7\u00e3o municipal com o bem-estar da popula\u00e7\u00e3o, especialmente daqueles que mais necessitam. O prefeito J\u00fanior de Rivaldo expressou sua satisfa\u00e7\u00e3o em poder proporcionar dignidade aos saloaenses neste per\u00edodo t\u00e3o significativo para os crist\u00e3os.<\/p>\n\n\n\n<p>&#8220;\u00c9 com grande alegria que realizamos mais uma vez a entrega do Peixe da Semana Santa. Sabemos da import\u00e2ncia deste gesto para as fam\u00edlias de Salo\u00e1, que celebram este per\u00edodo com muita f\u00e9 e tradi\u00e7\u00e3o. Nosso objetivo \u00e9 garantir que todos tenham um alimento na mesa e possam vivenciar a Semana Santa com dignidade e esperan\u00e7a&#8221;, declarou o prefeito J\u00fanior de Rivaldo.<\/p>\n\n\n\n<p>A iniciativa da Prefeitura de Salo\u00e1 refor\u00e7a o esp\u00edrito de uni\u00e3o e solidariedade que marca a Semana Santa, um momento de reflex\u00e3o e renova\u00e7\u00e3o para os crist\u00e3os. A entrega do peixe representa um gesto de amor e cuidado com o pr\u00f3ximo, fortalecendo os la\u00e7os comunit\u00e1rios e celebrando a tradi\u00e7\u00e3o religiosa.<\/p>\n<div style=\"margin-top: 0px; margin-bottom: 0px;\" class=\"sharethis-inline-share-buttons\" ><\/div>","protected":false},"excerpt":{"rendered":"<p>A Prefeitura de Salo\u00e1, mant\u00e9m a tradi\u00e7\u00e3o de proporcionar um momento especial para as fam\u00edlias do munic\u00edpio durante a Semana Santa. Na pr\u00f3xima ter\u00e7a-feira, dia 15 de abril, a partir das 9h, a administra\u00e7\u00e3o municipal realizar\u00e1 a entrega do tradicional Peixe da Semana Santa, um gesto que simboliza a partilha e a solidariedade neste per\u00edodo [&hellip;]<\/p>\n","protected":false},"author":1,"featured_media":28223,"comment_status":"closed","ping_status":"closed","sticky":false,"template":"","format":"standard","meta":{"footnotes":""},"categories":[21],"tags":[22],"class_list":["post-28222","post","type-post","status-publish","format-standard","has-post-thumbnail","hentry","category-cidade","tag-destaques"],"_links":{"self":[{"href":"https:\/\/www.saloanoticias.com\/v1\/wp-json\/wp\/v2\/posts\/28222","targetHints":{"allow":["GET"]}}],"collection":[{"href":"https:\/\/www.saloanoticias.com\/v1\/wp-json\/wp\/v2\/posts"}],"about":[{"href":"https:\/\/www.saloanoticias.com\/v1\/wp-json\/wp\/v2\/types\/post"}],"author":[{"embeddable":true,"href":"https:\/\/www.saloanoticias.com\/v1\/wp-json\/wp\/v2\/users\/1"}],"replies":[{"embeddable":true,"href":"https:\/\/www.saloanoticias.com\/v1\/wp-json\/wp\/v2\/comments?post=28222"}],"version-history":[{"count":3,"href":"https:\/\/www.saloanoticias.com\/v1\/wp-json\/wp\/v2\/posts\/28222\/revisions"}],"predecessor-version":[{"id":28227,"href":"https:\/\/www.saloanoticias.com\/v1\/wp-json\/wp\/v2\/posts\/28222\/revisions\/28227"}],"wp:featuredmedia":[{"embeddable":true,"href":"https:\/\/www.saloanoticias.com\/v1\/wp-json\/wp\/v2\/media\/28223"}],"wp:attachment":[{"href":"https:\/\/www.saloanoticias.com\/v1\/wp-json\/wp\/v2\/media?parent=28222"}],"wp:term":[{"taxonomy":"category","embeddable":true,"href":"https:\/\/www.saloanoticias.com\/v1\/wp-json\/wp\/v2\/categories?post=28222"},{"taxonomy":"post_tag","embeddable":true,"href":"https:\/\/www.saloanoticias.com\/v1\/wp-json\/wp\/v2\/tags?post=28222"}],"curies":[{"name":"wp","href":"https:\/\/api.w.org\/{rel}","templated":true}]}}