{"id":28198,"date":"2025-04-10T10:18:44","date_gmt":"2025-04-10T13:18:44","guid":{"rendered":"https:\/\/www.saloanoticias.com\/v1\/?p=28198"},"modified":"2025-04-10T19:07:31","modified_gmt":"2025-04-10T22:07:31","slug":"28198-2","status":"publish","type":"post","link":"https:\/\/www.saloanoticias.com\/v1\/28198-2\/","title":{"rendered":"Salo\u00e1 se prepara para a adrenalina do 1\u00ba Desafio de MTB que acontece neste domingo, dia 13"},"content":{"rendered":"\n<p>Preparem suas bikes e o esp\u00edrito aventureiro! A cidade de Salo\u00e1, no cora\u00e7\u00e3o do Agreste Pernambucano, est\u00e1 prestes a sediar o seu 1\u00ba Desafio de Mountain Bike, um evento que promete agitar a regi\u00e3o no pr\u00f3ximo dia 13 de abril.<\/p>\n\n\n\n<p>Com percursos desafiadores e uma premia\u00e7\u00e3o total de R$ 8 mil, a competi\u00e7\u00e3o j\u00e1 atrai ciclistas de diversas localidades, ansiosos por testar seus limites e desfrutar das belas paisagens da regi\u00e3o. A organiza\u00e7\u00e3o do evento preparou tr\u00eas categorias distintas para atender a todos os n\u00edveis de experi\u00eancia e preparo f\u00edsico. <\/p>\n\n\n\n<p>Os jovens talentos e aqueles que est\u00e3o iniciando no mundo do MTB poder\u00e3o encarar o percurso Juvenil, com 21 km de trilhas e obst\u00e1culos emocionantes. Para os atletas com mais experi\u00eancia e que buscam uma dose extra de adrenalina, a categoria Sport oferecer\u00e1 40 km de pura emo\u00e7\u00e3o, explorando a diversidade do terreno local.<\/p>\n\n\n\n<p>J\u00e1 os ciclistas profissionais e de alta performance ter\u00e3o pela frente o desafio Pr\u00f3, com um percurso exigente de 53 km, testando sua resist\u00eancia e t\u00e9cnica ao m\u00e1ximo. A Pra\u00e7a de Eventos Agamenon Magalh\u00e3es ser\u00e1 o ponto de concentra\u00e7\u00e3o e largada para todas as categorias, transformando o cora\u00e7\u00e3o de Salo\u00e1 em um palco vibrante para os amantes do ciclismo.<\/p>\n\n\n\n<p>A expectativa \u00e9 de uma grande festa, reunindo atletas, familiares e entusiastas do esporte em um ambiente de competi\u00e7\u00e3o saud\u00e1vel e confraterniza\u00e7\u00e3o. A premia\u00e7\u00e3o de R$ 8 mil distribu\u00eddos entre as categorias \u00e9 um atrativo a mais para os competidores, incentivando a participa\u00e7\u00e3o e o alto n\u00edvel da disputa.<\/p>\n\n\n\n<p>Mais do que a premia\u00e7\u00e3o em dinheiro, o 1\u00ba Desafio de MTB de Salo\u00e1 representa uma oportunidade \u00fanica de explorar as belezas naturais da regi\u00e3o sob uma nova perspectiva, superar seus pr\u00f3prios limites e vivenciar a emo\u00e7\u00e3o do mountain bike em um evento organizado com esmero.<\/p>\n\n\n<div class=\"wp-block-image\">\n<figure class=\"aligncenter size-large\"><img loading=\"lazy\" decoding=\"async\" width=\"1024\" height=\"1007\" src=\"https:\/\/www.saloanoticias.com\/v1\/wp-content\/uploads\/2025\/04\/35ab9428-5269-4cbe-967d-492ff7da4c77-1024x1007.jpeg\" alt=\"\" class=\"wp-image-28199\" srcset=\"https:\/\/www.saloanoticias.com\/v1\/wp-content\/uploads\/2025\/04\/35ab9428-5269-4cbe-967d-492ff7da4c77-1024x1007.jpeg 1024w, https:\/\/www.saloanoticias.com\/v1\/wp-content\/uploads\/2025\/04\/35ab9428-5269-4cbe-967d-492ff7da4c77-300x295.jpeg 300w, https:\/\/www.saloanoticias.com\/v1\/wp-content\/uploads\/2025\/04\/35ab9428-5269-4cbe-967d-492ff7da4c77-768x755.jpeg 768w, https:\/\/www.saloanoticias.com\/v1\/wp-content\/uploads\/2025\/04\/35ab9428-5269-4cbe-967d-492ff7da4c77-80x80.jpeg 80w, https:\/\/www.saloanoticias.com\/v1\/wp-content\/uploads\/2025\/04\/35ab9428-5269-4cbe-967d-492ff7da4c77.jpeg 1080w\" sizes=\"auto, (max-width: 1024px) 100vw, 1024px\" \/><\/figure>\n<\/div>\n\n\n<p>Portanto, se voc\u00ea \u00e9 apaixonado por mountain bike e busca um desafio inesquec\u00edvel, marque na sua agenda: 13 de abril, o encontro est\u00e1 marcado na Pra\u00e7a de Eventos Agamenon Magalh\u00e3es, em Salo\u00e1. Prepare sua bike, convoque seus amigos e venha fazer parte da hist\u00f3ria do 1\u00ba Desafio de MTB da cidade! A adrenalina e a emo\u00e7\u00e3o te esperam nas trilhas de Salo\u00e1! O evento tem apoio total da Prefeitura Municipal de Salo\u00e1.<\/p>\n\n\n\n<p class=\"has-text-align-center\">l<strong>ink de inscri\u00e7\u00e3o: <\/strong><a href=\"https:\/\/tiquet.com.br\/evento\/2025-34-1o-desafio-de-mtb-saloa-bike-race\/\">https:\/\/tiquet.com.br\/evento\/2025-34-1o-desafio-de-mtb-saloa-bike-race\/<\/a><\/p>\n<div style=\"margin-top: 0px; margin-bottom: 0px;\" class=\"sharethis-inline-share-buttons\" ><\/div>","protected":false},"excerpt":{"rendered":"<p>Preparem suas bikes e o esp\u00edrito aventureiro! A cidade de Salo\u00e1, no cora\u00e7\u00e3o do Agreste Pernambucano, est\u00e1 prestes a sediar o seu 1\u00ba Desafio de Mountain Bike, um evento que promete agitar a regi\u00e3o no pr\u00f3ximo dia 13 de abril. Com percursos desafiadores e uma premia\u00e7\u00e3o total de R$ 8 mil, a competi\u00e7\u00e3o j\u00e1 atrai [&hellip;]<\/p>\n","protected":false},"author":1,"featured_media":28203,"comment_status":"closed","ping_status":"closed","sticky":false,"template":"","format":"standard","meta":{"footnotes":""},"categories":[27],"tags":[22],"class_list":["post-28198","post","type-post","status-publish","format-standard","has-post-thumbnail","hentry","category-esportes","tag-destaques"],"_links":{"self":[{"href":"https:\/\/www.saloanoticias.com\/v1\/wp-json\/wp\/v2\/posts\/28198","targetHints":{"allow":["GET"]}}],"collection":[{"href":"https:\/\/www.saloanoticias.com\/v1\/wp-json\/wp\/v2\/posts"}],"about":[{"href":"https:\/\/www.saloanoticias.com\/v1\/wp-json\/wp\/v2\/types\/post"}],"author":[{"embeddable":true,"href":"https:\/\/www.saloanoticias.com\/v1\/wp-json\/wp\/v2\/users\/1"}],"replies":[{"embeddable":true,"href":"https:\/\/www.saloanoticias.com\/v1\/wp-json\/wp\/v2\/comments?post=28198"}],"version-history":[{"count":6,"href":"https:\/\/www.saloanoticias.com\/v1\/wp-json\/wp\/v2\/posts\/28198\/revisions"}],"predecessor-version":[{"id":28207,"href":"https:\/\/www.saloanoticias.com\/v1\/wp-json\/wp\/v2\/posts\/28198\/revisions\/28207"}],"wp:featuredmedia":[{"embeddable":true,"href":"https:\/\/www.saloanoticias.com\/v1\/wp-json\/wp\/v2\/media\/28203"}],"wp:attachment":[{"href":"https:\/\/www.saloanoticias.com\/v1\/wp-json\/wp\/v2\/media?parent=28198"}],"wp:term":[{"taxonomy":"category","embeddable":true,"href":"https:\/\/www.saloanoticias.com\/v1\/wp-json\/wp\/v2\/categories?post=28198"},{"taxonomy":"post_tag","embeddable":true,"href":"https:\/\/www.saloanoticias.com\/v1\/wp-json\/wp\/v2\/tags?post=28198"}],"curies":[{"name":"wp","href":"https:\/\/api.w.org\/{rel}","templated":true}]}}