{"id":28189,"date":"2025-04-09T09:00:21","date_gmt":"2025-04-09T12:00:21","guid":{"rendered":"https:\/\/www.saloanoticias.com\/v1\/?p=28189"},"modified":"2025-04-09T21:59:08","modified_gmt":"2025-04-10T00:59:08","slug":"torneio-dos-vereadores-de-saloa-acontece-no-proximo-sabado","status":"publish","type":"post","link":"https:\/\/www.saloanoticias.com\/v1\/torneio-dos-vereadores-de-saloa-acontece-no-proximo-sabado\/","title":{"rendered":"Torneio de futebol promovido pelos vereadores de Salo\u00e1 acontece no pr\u00f3ximo s\u00e1bado (12)"},"content":{"rendered":"\n<p>Os vereadores de Salo\u00e1 se unem para organizar um torneio de futebol de minicampo, reafirmando o compromisso com o incentivo ao esporte. O evento ser\u00e1 realizado no pr\u00f3ximo s\u00e1bado, dia 12 de abril, e contar\u00e1 com a participa\u00e7\u00e3o de 16 equipes do munic\u00edpio.<\/p>\n\n\n<div class=\"wp-block-image\">\n<figure class=\"aligncenter size-large\"><img loading=\"lazy\" decoding=\"async\" width=\"1024\" height=\"1024\" src=\"https:\/\/www.saloanoticias.com\/v1\/wp-content\/uploads\/2025\/04\/f6636c44-20c5-4613-84b0-f13737ae533e-1024x1024.jpeg\" alt=\"\" class=\"wp-image-28190\" srcset=\"https:\/\/www.saloanoticias.com\/v1\/wp-content\/uploads\/2025\/04\/f6636c44-20c5-4613-84b0-f13737ae533e-1024x1024.jpeg 1024w, https:\/\/www.saloanoticias.com\/v1\/wp-content\/uploads\/2025\/04\/f6636c44-20c5-4613-84b0-f13737ae533e-300x300.jpeg 300w, https:\/\/www.saloanoticias.com\/v1\/wp-content\/uploads\/2025\/04\/f6636c44-20c5-4613-84b0-f13737ae533e-150x150.jpeg 150w, https:\/\/www.saloanoticias.com\/v1\/wp-content\/uploads\/2025\/04\/f6636c44-20c5-4613-84b0-f13737ae533e-768x768.jpeg 768w, https:\/\/www.saloanoticias.com\/v1\/wp-content\/uploads\/2025\/04\/f6636c44-20c5-4613-84b0-f13737ae533e-80x80.jpeg 80w, https:\/\/www.saloanoticias.com\/v1\/wp-content\/uploads\/2025\/04\/f6636c44-20c5-4613-84b0-f13737ae533e.jpeg 1080w\" sizes=\"auto, (max-width: 1024px) 100vw, 1024px\" \/><\/figure>\n<\/div>\n\n\n<p>A iniciativa busca promover momentos de descontra\u00e7\u00e3o, incentivar a pr\u00e1tica esportiva e aproximar os representantes do legislativo com a comunidade. O torneio conta com o apoio de todos os vereadores e tamb\u00e9m do prefeito J\u00fanior de Rivaldo e o vice prefeito Cosme Melo. Confira abaixo a as premia\u00e7\u00f5es ser\u00e3o:<\/p>\n\n\n\n<p class=\"has-text-align-center\">1\u00b0 Lugar &#8211; R$ 1.000,00 + trof\u00e9u<br>2\u00b0 Lugar &#8211; R$ 500,00 + trof\u00e9u<br>3\u00b0 Lugar &#8211; R$ 250,00 + trof\u00e9u<br>4\u00b0 Lugar &#8211; R$ 150,00 + trof\u00e9u<\/p>\n\n\n\n<p>Tamb\u00e9m contar\u00e1 com premia\u00e7\u00e3o individual para melhor goleiro e artilheiro. Os parlamentares fazem quest\u00e3o de convidar todos os saloaenses para participarem deste grande evento que tem por objetivo fomentar os esportes na cidade.<\/p>\n\n\n<div class=\"wp-block-image\">\n<figure class=\"aligncenter size-large\"><img loading=\"lazy\" decoding=\"async\" width=\"1024\" height=\"1024\" src=\"https:\/\/www.saloanoticias.com\/v1\/wp-content\/uploads\/2025\/04\/dc1c07af-0bcb-4368-bcb5-8156df4e7f01-1024x1024.jpeg\" alt=\"\" class=\"wp-image-28191\" srcset=\"https:\/\/www.saloanoticias.com\/v1\/wp-content\/uploads\/2025\/04\/dc1c07af-0bcb-4368-bcb5-8156df4e7f01-1024x1024.jpeg 1024w, https:\/\/www.saloanoticias.com\/v1\/wp-content\/uploads\/2025\/04\/dc1c07af-0bcb-4368-bcb5-8156df4e7f01-300x300.jpeg 300w, https:\/\/www.saloanoticias.com\/v1\/wp-content\/uploads\/2025\/04\/dc1c07af-0bcb-4368-bcb5-8156df4e7f01-150x150.jpeg 150w, https:\/\/www.saloanoticias.com\/v1\/wp-content\/uploads\/2025\/04\/dc1c07af-0bcb-4368-bcb5-8156df4e7f01-768x768.jpeg 768w, https:\/\/www.saloanoticias.com\/v1\/wp-content\/uploads\/2025\/04\/dc1c07af-0bcb-4368-bcb5-8156df4e7f01-80x80.jpeg 80w, https:\/\/www.saloanoticias.com\/v1\/wp-content\/uploads\/2025\/04\/dc1c07af-0bcb-4368-bcb5-8156df4e7f01.jpeg 1080w\" sizes=\"auto, (max-width: 1024px) 100vw, 1024px\" \/><\/figure>\n<\/div><div style=\"margin-top: 0px; margin-bottom: 0px;\" class=\"sharethis-inline-share-buttons\" ><\/div>","protected":false},"excerpt":{"rendered":"<p>Os vereadores de Salo\u00e1 se unem para organizar um torneio de futebol de minicampo, reafirmando o compromisso com o incentivo ao esporte. O evento ser\u00e1 realizado no pr\u00f3ximo s\u00e1bado, dia 12 de abril, e contar\u00e1 com a participa\u00e7\u00e3o de 16 equipes do munic\u00edpio. A iniciativa busca promover momentos de descontra\u00e7\u00e3o, incentivar a pr\u00e1tica esportiva e [&hellip;]<\/p>\n","protected":false},"author":1,"featured_media":28195,"comment_status":"closed","ping_status":"closed","sticky":false,"template":"","format":"standard","meta":{"footnotes":""},"categories":[27],"tags":[22],"class_list":["post-28189","post","type-post","status-publish","format-standard","has-post-thumbnail","hentry","category-esportes","tag-destaques"],"_links":{"self":[{"href":"https:\/\/www.saloanoticias.com\/v1\/wp-json\/wp\/v2\/posts\/28189","targetHints":{"allow":["GET"]}}],"collection":[{"href":"https:\/\/www.saloanoticias.com\/v1\/wp-json\/wp\/v2\/posts"}],"about":[{"href":"https:\/\/www.saloanoticias.com\/v1\/wp-json\/wp\/v2\/types\/post"}],"author":[{"embeddable":true,"href":"https:\/\/www.saloanoticias.com\/v1\/wp-json\/wp\/v2\/users\/1"}],"replies":[{"embeddable":true,"href":"https:\/\/www.saloanoticias.com\/v1\/wp-json\/wp\/v2\/comments?post=28189"}],"version-history":[{"count":3,"href":"https:\/\/www.saloanoticias.com\/v1\/wp-json\/wp\/v2\/posts\/28189\/revisions"}],"predecessor-version":[{"id":28196,"href":"https:\/\/www.saloanoticias.com\/v1\/wp-json\/wp\/v2\/posts\/28189\/revisions\/28196"}],"wp:featuredmedia":[{"embeddable":true,"href":"https:\/\/www.saloanoticias.com\/v1\/wp-json\/wp\/v2\/media\/28195"}],"wp:attachment":[{"href":"https:\/\/www.saloanoticias.com\/v1\/wp-json\/wp\/v2\/media?parent=28189"}],"wp:term":[{"taxonomy":"category","embeddable":true,"href":"https:\/\/www.saloanoticias.com\/v1\/wp-json\/wp\/v2\/categories?post=28189"},{"taxonomy":"post_tag","embeddable":true,"href":"https:\/\/www.saloanoticias.com\/v1\/wp-json\/wp\/v2\/tags?post=28189"}],"curies":[{"name":"wp","href":"https:\/\/api.w.org\/{rel}","templated":true}]}}