{"id":28185,"date":"2025-04-08T20:56:39","date_gmt":"2025-04-08T23:56:39","guid":{"rendered":"https:\/\/www.saloanoticias.com\/v1\/?p=28185"},"modified":"2025-04-08T20:57:20","modified_gmt":"2025-04-08T23:57:20","slug":"prefeito-junior-de-rivaldo-amplia-base-na-camara-com-a-chegada-do-vereador-lubiano","status":"publish","type":"post","link":"https:\/\/www.saloanoticias.com\/v1\/prefeito-junior-de-rivaldo-amplia-base-na-camara-com-a-chegada-do-vereador-lubiano\/","title":{"rendered":"Prefeito J\u00fanior de Rivaldo amplia base na C\u00e2mara com a chegada do vereador Lubiano"},"content":{"rendered":"\n<p>O cen\u00e1rio pol\u00edtico de Salo\u00e1, no Agreste de Pernambuco, ganha um novo contorno com o an\u00fancio feito pelo prefeito J\u00fanior de Rivaldo (PSDB) da integra\u00e7\u00e3o do vereador Lubiano (PT) \u00e0 sua base governista na C\u00e2mara Municipal.<\/p>\n\n\n\n<p>A ades\u00e3o de Lubiano representa um importante movimento pol\u00edtico, marcando o segundo vereador que antes compunha a oposi\u00e7\u00e3o e que agora passa a integrar o grupo de apoio \u00e0 gest\u00e3o do prefeito. A decis\u00e3o do vereador Lubiano de unir for\u00e7as com o governo liderado por J\u00fanior de Rivaldo fortalece significativamente a base de sustenta\u00e7\u00e3o do executivo municipal no legislativo.<\/p>\n\n\n\n<p>Com esta nova ades\u00e3o, o prefeito consolida ainda mais sua lideran\u00e7a pol\u00edtica em Salo\u00e1, ampliando sua capacidade de articula\u00e7\u00e3o e aprova\u00e7\u00e3o de projetos importantes para o desenvolvimento do munic\u00edpio. A chegada de Lubiano ao grupo governista tamb\u00e9m acarreta um enfraquecimento consider\u00e1vel da oposi\u00e7\u00e3o local.<\/p>\n\n\n\n<p>A perda de um segundo representante na C\u00e2mara demonstra uma mudan\u00e7a no panorama pol\u00edtico, onde o di\u00e1logo e a converg\u00eancia de ideias parecem prevalecer. Este movimento sugere uma poss\u00edvel busca por maior estabilidade pol\u00edtica e administrativa em Salo\u00e1, com os vereadores priorizando a colabora\u00e7\u00e3o em prol dos interesses da comunidade.<\/p>\n\n\n\n<p>Com a confirma\u00e7\u00e3o da integra\u00e7\u00e3o de Lubiano, o prefeito J\u00fanior de Rivaldo alcan\u00e7a um feito not\u00e1vel: a uni\u00e3o dos nove vereadores de Salo\u00e1 em torno de seu governo. Este apoio un\u00e2nime do legislativo municipal representa um capital pol\u00edtico expressivo, que pode facilitar a implementa\u00e7\u00e3o de pol\u00edticas p\u00fablicas e a concretiza\u00e7\u00e3o de projetos para o benef\u00edcio da popula\u00e7\u00e3o.<\/p>\n\n\n\n<p>A ades\u00e3o do vereador Lubiano \u00e0 base governista de J\u00fanior de Rivaldo sinaliza um novo momento na pol\u00edtica de Salo\u00e1, marcado pela busca por unidade e pela concentra\u00e7\u00e3o de for\u00e7as em torno da gest\u00e3o municipal.<\/p>\n\n\n\n<p>Este fortalecimento do grupo liderado pelo prefeito pode trazer maior agilidade na tramita\u00e7\u00e3o de projetos e um ambiente mais prop\u00edcio para o avan\u00e7o das iniciativas da administra\u00e7\u00e3o em benef\u00edcio de toda a comunidade saloense.<\/p>\n<div style=\"margin-top: 0px; margin-bottom: 0px;\" class=\"sharethis-inline-share-buttons\" ><\/div>","protected":false},"excerpt":{"rendered":"<p>O cen\u00e1rio pol\u00edtico de Salo\u00e1, no Agreste de Pernambuco, ganha um novo contorno com o an\u00fancio feito pelo prefeito J\u00fanior de Rivaldo (PSDB) da integra\u00e7\u00e3o do vereador Lubiano (PT) \u00e0 sua base governista na C\u00e2mara Municipal. A ades\u00e3o de Lubiano representa um importante movimento pol\u00edtico, marcando o segundo vereador que antes compunha a oposi\u00e7\u00e3o e [&hellip;]<\/p>\n","protected":false},"author":1,"featured_media":28187,"comment_status":"closed","ping_status":"closed","sticky":false,"template":"","format":"standard","meta":{"footnotes":""},"categories":[15],"tags":[22],"class_list":["post-28185","post","type-post","status-publish","format-standard","has-post-thumbnail","hentry","category-politica","tag-destaques"],"_links":{"self":[{"href":"https:\/\/www.saloanoticias.com\/v1\/wp-json\/wp\/v2\/posts\/28185","targetHints":{"allow":["GET"]}}],"collection":[{"href":"https:\/\/www.saloanoticias.com\/v1\/wp-json\/wp\/v2\/posts"}],"about":[{"href":"https:\/\/www.saloanoticias.com\/v1\/wp-json\/wp\/v2\/types\/post"}],"author":[{"embeddable":true,"href":"https:\/\/www.saloanoticias.com\/v1\/wp-json\/wp\/v2\/users\/1"}],"replies":[{"embeddable":true,"href":"https:\/\/www.saloanoticias.com\/v1\/wp-json\/wp\/v2\/comments?post=28185"}],"version-history":[{"count":1,"href":"https:\/\/www.saloanoticias.com\/v1\/wp-json\/wp\/v2\/posts\/28185\/revisions"}],"predecessor-version":[{"id":28186,"href":"https:\/\/www.saloanoticias.com\/v1\/wp-json\/wp\/v2\/posts\/28185\/revisions\/28186"}],"wp:featuredmedia":[{"embeddable":true,"href":"https:\/\/www.saloanoticias.com\/v1\/wp-json\/wp\/v2\/media\/28187"}],"wp:attachment":[{"href":"https:\/\/www.saloanoticias.com\/v1\/wp-json\/wp\/v2\/media?parent=28185"}],"wp:term":[{"taxonomy":"category","embeddable":true,"href":"https:\/\/www.saloanoticias.com\/v1\/wp-json\/wp\/v2\/categories?post=28185"},{"taxonomy":"post_tag","embeddable":true,"href":"https:\/\/www.saloanoticias.com\/v1\/wp-json\/wp\/v2\/tags?post=28185"}],"curies":[{"name":"wp","href":"https:\/\/api.w.org\/{rel}","templated":true}]}}