{"id":28175,"date":"2025-04-07T10:41:01","date_gmt":"2025-04-07T13:41:01","guid":{"rendered":"https:\/\/www.saloanoticias.com\/v1\/?p=28175"},"modified":"2025-04-07T11:13:08","modified_gmt":"2025-04-07T14:13:08","slug":"um-legado-de-solucoes-hidricas-adutora-do-riachao-em-fase-final-promessa-cumprida-para-mais-80-familias-de-saloa","status":"publish","type":"post","link":"https:\/\/www.saloanoticias.com\/v1\/um-legado-de-solucoes-hidricas-adutora-do-riachao-em-fase-final-promessa-cumprida-para-mais-80-familias-de-saloa\/","title":{"rendered":"Um legado de solu\u00e7\u00f5es h\u00eddricas: Adutora do Riach\u00e3o em fase final, promessa cumprida para mais 80 fam\u00edlias de Salo\u00e1"},"content":{"rendered":"\n<p>Uma espera de mais de sete d\u00e9cadas est\u00e1 prestes a chegar ao fim para cerca de 80 fam\u00edlias da regi\u00e3o do Riach\u00e3o, em Salo\u00e1, no Agreste de Pernambuco. A t\u00e3o aguardada Adutora do Riach\u00e3o encontra-se em sua fase final de testes, marcando um passo crucial para solucionar um problema cr\u00f4nico de falta de \u00e1gua que assola a comunidade h\u00e1 mais de 70 anos. Esta conquista hist\u00f3rica \u00e9 fruto do empenho e da vis\u00e3o do atual prefeito, J\u00fanior de Rivaldo, que priorizou a resolu\u00e7\u00e3o desta demanda essencial para o bem-estar de seus mun\u00edcipes.<\/p>\n\n\n<div class=\"wp-block-image\">\n<figure class=\"aligncenter size-large\"><img loading=\"lazy\" decoding=\"async\" width=\"914\" height=\"1024\" src=\"https:\/\/www.saloanoticias.com\/v1\/wp-content\/uploads\/2025\/04\/IMG_5229-914x1024.jpeg\" alt=\"\" class=\"wp-image-28178\" srcset=\"https:\/\/www.saloanoticias.com\/v1\/wp-content\/uploads\/2025\/04\/IMG_5229-914x1024.jpeg 914w, https:\/\/www.saloanoticias.com\/v1\/wp-content\/uploads\/2025\/04\/IMG_5229-268x300.jpeg 268w, https:\/\/www.saloanoticias.com\/v1\/wp-content\/uploads\/2025\/04\/IMG_5229-768x861.jpeg 768w, https:\/\/www.saloanoticias.com\/v1\/wp-content\/uploads\/2025\/04\/IMG_5229.jpeg 960w\" sizes=\"auto, (max-width: 914px) 100vw, 914px\" \/><\/figure>\n<\/div>\n\n\n<p>O projeto da Adutora do Riach\u00e3o representa mais do que uma simples obra de infraestrutura; simboliza a concretiza\u00e7\u00e3o de um compromisso de campanha e a sensibilidade da gest\u00e3o municipal para com as necessidades da popula\u00e7\u00e3o. O prefeito J\u00fanior de Rivaldo n\u00e3o mediu esfor\u00e7os para destravar os entraves burocr\u00e1ticos e garantir os recursos necess\u00e1rios para a execu\u00e7\u00e3o desta importante interven\u00e7\u00e3o. Sua dedica\u00e7\u00e3o em solucionar um problema que se arrastava por gera\u00e7\u00f5es demonstra sua lideran\u00e7a e compromisso com a qualidade de vida dos moradores do Riach\u00e3o.<\/p>\n\n\n\n<p>Um aspecto not\u00e1vel desta conquista \u00e9 a origem da \u00e1gua que abastecer\u00e1 a adutora: a Barragem da Camaratuba. Constru\u00edda em 1998, durante o segundo mandato do ent\u00e3o prefeito Rivaldo Alves, pai do atual gestor, a barragem se revela agora como a pe\u00e7a chave para solucionar a problem\u00e1tica h\u00eddrica da regi\u00e3o do Riach\u00e3o. Este fato sublinha a continuidade de um legado de trabalho em prol do desenvolvimento de Salo\u00e1, com o filho dando seguimento a um projeto iniciado pelo pai, unindo esfor\u00e7os em benef\u00edcio da comunidade.<\/p>\n\n\n<div class=\"wp-block-image\">\n<figure class=\"aligncenter size-full\"><img loading=\"lazy\" decoding=\"async\" width=\"960\" height=\"924\" src=\"https:\/\/www.saloanoticias.com\/v1\/wp-content\/uploads\/2025\/04\/IMG_5228.jpeg\" alt=\"\" class=\"wp-image-28180\" srcset=\"https:\/\/www.saloanoticias.com\/v1\/wp-content\/uploads\/2025\/04\/IMG_5228.jpeg 960w, https:\/\/www.saloanoticias.com\/v1\/wp-content\/uploads\/2025\/04\/IMG_5228-300x289.jpeg 300w, https:\/\/www.saloanoticias.com\/v1\/wp-content\/uploads\/2025\/04\/IMG_5228-768x739.jpeg 768w\" sizes=\"auto, (max-width: 960px) 100vw, 960px\" \/><\/figure>\n<\/div>\n\n\n<p>A fase de testes da adutora gera grande expectativa entre as fam\u00edlias que ser\u00e3o beneficiadas. A perspectiva de ter \u00e1gua encanada em suas resid\u00eancias, com regularidade e qualidade, representa uma transforma\u00e7\u00e3o significativa em suas vidas. O fim da busca por \u00e1gua em fontes distantes e a melhoria das condi\u00e7\u00f5es de higiene e sa\u00fade s\u00e3o apenas alguns dos impactos positivos que a Adutora do Riach\u00e3o trar\u00e1 para a regi\u00e3o.<\/p>\n\n\n\n<p>A constru\u00e7\u00e3o da Adutora do Riach\u00e3o \u00e9 uma demonstra\u00e7\u00e3o clara de que, com planejamento, dedica\u00e7\u00e3o e sensibilidade \u00e0s necessidades da popula\u00e7\u00e3o, \u00e9 poss\u00edvel superar desafios hist\u00f3ricos e promover o desenvolvimento social. O trabalho do prefeito J\u00fanior de Rivaldo em levar \u00e1gua para as fam\u00edlias do Riach\u00e3o n\u00e3o apenas resolve um problema de d\u00e9cadas, mas tamb\u00e9m resgata a dignidade e a esperan\u00e7a de uma comunidade que tanto esperou por esta solu\u00e7\u00e3o. Em breve, a \u00e1gua da Barragem da Camaratuba, um projeto vision\u00e1rio de Rivaldo Alves, correr\u00e1 pelos canos da Adutora do Riach\u00e3o, irrigando n\u00e3o s\u00f3 a terra, mas tamb\u00e9m a vida de mais 80 fam\u00edlias de Salo\u00e1.<\/p>\n<div style=\"margin-top: 0px; margin-bottom: 0px;\" class=\"sharethis-inline-share-buttons\" ><\/div>","protected":false},"excerpt":{"rendered":"<p>Uma espera de mais de sete d\u00e9cadas est\u00e1 prestes a chegar ao fim para cerca de 80 fam\u00edlias da regi\u00e3o do Riach\u00e3o, em Salo\u00e1, no Agreste de Pernambuco. A t\u00e3o aguardada Adutora do Riach\u00e3o encontra-se em sua fase final de testes, marcando um passo crucial para solucionar um problema cr\u00f4nico de falta de \u00e1gua que [&hellip;]<\/p>\n","protected":false},"author":1,"featured_media":28177,"comment_status":"closed","ping_status":"closed","sticky":false,"template":"","format":"standard","meta":{"footnotes":""},"categories":[21],"tags":[22],"class_list":["post-28175","post","type-post","status-publish","format-standard","has-post-thumbnail","hentry","category-cidade","tag-destaques"],"_links":{"self":[{"href":"https:\/\/www.saloanoticias.com\/v1\/wp-json\/wp\/v2\/posts\/28175","targetHints":{"allow":["GET"]}}],"collection":[{"href":"https:\/\/www.saloanoticias.com\/v1\/wp-json\/wp\/v2\/posts"}],"about":[{"href":"https:\/\/www.saloanoticias.com\/v1\/wp-json\/wp\/v2\/types\/post"}],"author":[{"embeddable":true,"href":"https:\/\/www.saloanoticias.com\/v1\/wp-json\/wp\/v2\/users\/1"}],"replies":[{"embeddable":true,"href":"https:\/\/www.saloanoticias.com\/v1\/wp-json\/wp\/v2\/comments?post=28175"}],"version-history":[{"count":4,"href":"https:\/\/www.saloanoticias.com\/v1\/wp-json\/wp\/v2\/posts\/28175\/revisions"}],"predecessor-version":[{"id":28184,"href":"https:\/\/www.saloanoticias.com\/v1\/wp-json\/wp\/v2\/posts\/28175\/revisions\/28184"}],"wp:featuredmedia":[{"embeddable":true,"href":"https:\/\/www.saloanoticias.com\/v1\/wp-json\/wp\/v2\/media\/28177"}],"wp:attachment":[{"href":"https:\/\/www.saloanoticias.com\/v1\/wp-json\/wp\/v2\/media?parent=28175"}],"wp:term":[{"taxonomy":"category","embeddable":true,"href":"https:\/\/www.saloanoticias.com\/v1\/wp-json\/wp\/v2\/categories?post=28175"},{"taxonomy":"post_tag","embeddable":true,"href":"https:\/\/www.saloanoticias.com\/v1\/wp-json\/wp\/v2\/tags?post=28175"}],"curies":[{"name":"wp","href":"https:\/\/api.w.org\/{rel}","templated":true}]}}