{"id":28102,"date":"2025-04-04T09:34:48","date_gmt":"2025-04-04T12:34:48","guid":{"rendered":"https:\/\/www.saloanoticias.com\/v1\/?p=28102"},"modified":"2025-04-04T10:22:25","modified_gmt":"2025-04-04T13:22:25","slug":"28102-2","status":"publish","type":"post","link":"https:\/\/www.saloanoticias.com\/v1\/28102-2\/","title":{"rendered":"Renascimento e Celebra\u00e7\u00e3o: O Batismo nas \u00c1guas na Igreja Assembleia de Deus em Salo\u00e1\/PE"},"content":{"rendered":"\n<p>A Igreja Assembleia de Deus em Salo\u00e1, Pernambuco, vivenciou no \u00faltimo dia 23 de mar\u00e7o, mais um momento de profunda alegria e significado espiritual: o batismo nas \u00e1guas. Em uma atmosfera de f\u00e9 e celebra\u00e7\u00e3o, novos membros da comunidade declararam publicamente sua decis\u00e3o de seguir a Jesus Cristo, marcando o in\u00edcio de uma nova jornada em suas vidas.<\/p>\n\n\n<div class=\"wp-block-image\">\n<figure class=\"aligncenter size-full\"><img loading=\"lazy\" decoding=\"async\" width=\"960\" height=\"927\" src=\"https:\/\/www.saloanoticias.com\/v1\/wp-content\/uploads\/2025\/04\/IMG_4992.jpeg\" alt=\"\" class=\"wp-image-28105\" srcset=\"https:\/\/www.saloanoticias.com\/v1\/wp-content\/uploads\/2025\/04\/IMG_4992.jpeg 960w, https:\/\/www.saloanoticias.com\/v1\/wp-content\/uploads\/2025\/04\/IMG_4992-300x290.jpeg 300w, https:\/\/www.saloanoticias.com\/v1\/wp-content\/uploads\/2025\/04\/IMG_4992-768x742.jpeg 768w\" sizes=\"auto, (max-width: 960px) 100vw, 960px\" \/><\/figure>\n<\/div>\n\n\n<p>O batismo nas \u00e1guas, um ato b\u00edblico de obedi\u00eancia e identifica\u00e7\u00e3o com a morte e ressurrei\u00e7\u00e3o de Jesus, reuniu familiares, amigos e membros da igreja em um ambiente de emo\u00e7\u00e3o e louvor. Os candidatos, movidos pela convic\u00e7\u00e3o de sua f\u00e9, desceram \u00e0s \u00e1guas batismais, simbolizando o sepultamento de sua velha natureza e o nascimento para uma nova vida em Cristo.<\/p>\n\n\n\n<p>Os c\u00e2nticos de adora\u00e7\u00e3o ecoavam pelo templo, preenchendo os cora\u00e7\u00f5es dos presentes com a presen\u00e7a do Esp\u00edrito Santo. As palavras de encorajamento e instru\u00e7\u00e3o proferidas pelo pastor Mozes Lima ressaltaram a import\u00e2ncia desse passo para a vida crist\u00e3, enfatizando o compromisso de viver de acordo com os ensinamentos de Jesus e de buscar uma vida de santidade.<\/p>\n\n\n<div class=\"wp-block-image\">\n<figure class=\"aligncenter size-full\"><img loading=\"lazy\" decoding=\"async\" width=\"827\" height=\"965\" src=\"https:\/\/www.saloanoticias.com\/v1\/wp-content\/uploads\/2025\/04\/IMG_4993.jpeg\" alt=\"\" class=\"wp-image-28108\" srcset=\"https:\/\/www.saloanoticias.com\/v1\/wp-content\/uploads\/2025\/04\/IMG_4993.jpeg 827w, https:\/\/www.saloanoticias.com\/v1\/wp-content\/uploads\/2025\/04\/IMG_4993-257x300.jpeg 257w, https:\/\/www.saloanoticias.com\/v1\/wp-content\/uploads\/2025\/04\/IMG_4993-768x896.jpeg 768w\" sizes=\"auto, (max-width: 827px) 100vw, 827px\" \/><\/figure>\n<\/div>\n\n\n<p>Cada imers\u00e3o nas \u00e1guas representou um testemunho p\u00fablico de f\u00e9, um ato de entrega e confian\u00e7a no sacrif\u00edcio redentor de Cristo na cruz. Nos rostos dos batizandos, era vis\u00edvel a alegria e a paz que emanam de uma decis\u00e3o consciente e pessoal de seguir o caminho do Senhor.<\/p>\n\n\n\n<p>Ap\u00f3s o batismo, os 44 novos membros foram recebidos com entusiasmo pela igreja, que se alegra em testemunhar o crescimento do Reino de Deus em Salo\u00e1. Este momento n\u00e3o apenas marca o ingresso formal na comunidade de f\u00e9, mas tamb\u00e9m representa o in\u00edcio de um discipulado cont\u00ednuo, onde cada um \u00e9 chamado a crescer na gra\u00e7a e no conhecimento de Jesus.<\/p>\n\n\n\n<p>O batismo nas \u00e1guas na Igreja Assembleia de Deus em Salo\u00e1\/PE foi, portanto, uma celebra\u00e7\u00e3o da f\u00e9, do amor de Deus e do compromisso de homens e mulheres em viver uma vida transformada pelo Evangelho. Que este ato de obedi\u00eancia seja o alicerce para uma caminhada crist\u00e3 frut\u00edfera e cheia da presen\u00e7a do Esp\u00edrito Santo, impactando n\u00e3o apenas suas vidas, mas tamb\u00e9m toda a comunidade de Salo\u00e1.<\/p>\n\n\n<div class=\"wp-block-image\">\n<figure class=\"aligncenter size-full\"><img loading=\"lazy\" decoding=\"async\" width=\"817\" height=\"981\" src=\"https:\/\/www.saloanoticias.com\/v1\/wp-content\/uploads\/2025\/04\/IMG_4991.jpeg\" alt=\"\" class=\"wp-image-28107\" srcset=\"https:\/\/www.saloanoticias.com\/v1\/wp-content\/uploads\/2025\/04\/IMG_4991.jpeg 817w, https:\/\/www.saloanoticias.com\/v1\/wp-content\/uploads\/2025\/04\/IMG_4991-250x300.jpeg 250w, https:\/\/www.saloanoticias.com\/v1\/wp-content\/uploads\/2025\/04\/IMG_4991-768x922.jpeg 768w\" sizes=\"auto, (max-width: 817px) 100vw, 817px\" \/><\/figure>\n<\/div><div style=\"margin-top: 0px; margin-bottom: 0px;\" class=\"sharethis-inline-share-buttons\" ><\/div>","protected":false},"excerpt":{"rendered":"<p>A Igreja Assembleia de Deus em Salo\u00e1, Pernambuco, vivenciou no \u00faltimo dia 23 de mar\u00e7o, mais um momento de profunda alegria e significado espiritual: o batismo nas \u00e1guas. Em uma atmosfera de f\u00e9 e celebra\u00e7\u00e3o, novos membros da comunidade declararam publicamente sua decis\u00e3o de seguir a Jesus Cristo, marcando o in\u00edcio de uma nova jornada [&hellip;]<\/p>\n","protected":false},"author":1,"featured_media":28106,"comment_status":"closed","ping_status":"closed","sticky":false,"template":"","format":"standard","meta":{"footnotes":""},"categories":[16],"tags":[22],"class_list":["post-28102","post","type-post","status-publish","format-standard","has-post-thumbnail","hentry","category-religiao","tag-destaques"],"_links":{"self":[{"href":"https:\/\/www.saloanoticias.com\/v1\/wp-json\/wp\/v2\/posts\/28102","targetHints":{"allow":["GET"]}}],"collection":[{"href":"https:\/\/www.saloanoticias.com\/v1\/wp-json\/wp\/v2\/posts"}],"about":[{"href":"https:\/\/www.saloanoticias.com\/v1\/wp-json\/wp\/v2\/types\/post"}],"author":[{"embeddable":true,"href":"https:\/\/www.saloanoticias.com\/v1\/wp-json\/wp\/v2\/users\/1"}],"replies":[{"embeddable":true,"href":"https:\/\/www.saloanoticias.com\/v1\/wp-json\/wp\/v2\/comments?post=28102"}],"version-history":[{"count":6,"href":"https:\/\/www.saloanoticias.com\/v1\/wp-json\/wp\/v2\/posts\/28102\/revisions"}],"predecessor-version":[{"id":28115,"href":"https:\/\/www.saloanoticias.com\/v1\/wp-json\/wp\/v2\/posts\/28102\/revisions\/28115"}],"wp:featuredmedia":[{"embeddable":true,"href":"https:\/\/www.saloanoticias.com\/v1\/wp-json\/wp\/v2\/media\/28106"}],"wp:attachment":[{"href":"https:\/\/www.saloanoticias.com\/v1\/wp-json\/wp\/v2\/media?parent=28102"}],"wp:term":[{"taxonomy":"category","embeddable":true,"href":"https:\/\/www.saloanoticias.com\/v1\/wp-json\/wp\/v2\/categories?post=28102"},{"taxonomy":"post_tag","embeddable":true,"href":"https:\/\/www.saloanoticias.com\/v1\/wp-json\/wp\/v2\/tags?post=28102"}],"curies":[{"name":"wp","href":"https:\/\/api.w.org\/{rel}","templated":true}]}}