{"id":28068,"date":"2025-03-31T19:45:48","date_gmt":"2025-03-31T22:45:48","guid":{"rendered":"https:\/\/www.saloanoticias.com\/v1\/?p=28068"},"modified":"2025-04-04T00:00:20","modified_gmt":"2025-04-04T03:00:20","slug":"28068-2","status":"publish","type":"post","link":"https:\/\/www.saloanoticias.com\/v1\/28068-2\/","title":{"rendered":"Neto faz hist\u00f3ria com Medalha de Bronze no Campeonato Brasileiro de jud\u00f4 sub-21"},"content":{"rendered":"\n<p>O jovem atleta saloanse Jos\u00e9 Maria Pereira de Melo Neto (Neto Birunda) de apenas 16 anos continua fazendo hist\u00f3ria pelo nosso pa\u00eds. Dessa vez Neto foi \u00e0 capital Sergipana (Aracaju) em busca de um p\u00f3dio, e n\u00e3o \u00e9 que deu certo!<\/p>\n\n\n\n<p>Jos\u00e9 Neto lutou em duas categorias Sub-18 (Cadetes) e Sub-21 (J\u00fanior). Foram lutas muito dif\u00edceis, pois o estado de Sergipe foi palco para receber atletas de v\u00e1rios estados da Regi\u00e3o Nordeste. O jovem, mesmo lesionado no ombro direito, conseguiu um feito hist\u00f3rico ficando em 5\u00b0 lugar na categoria Cadetes e subiu ao p\u00f3dio recebendo medalha de bronze na categoria J\u00fanior (Sub-21).<\/p>\n\n\n\n<p>Neto, como \u00e9 carinhosamente chamamos, iniciou esse ano de 2025 lutando em 2 categorias e est\u00e1 evoluindo muito, sendo orientado pelo Sensei Carlos Tevano, t\u00e9cnico experiente h\u00e1 43 anos de jud\u00f4 diz que disse: Ah , Neto \u00e9 um atleta que tem muito o que mostrar, dono de uma for\u00e7a sem explica\u00e7\u00e3o, \u00e9 uma verdadeira FERA na for\u00e7a f\u00edsica, pontuou o Sensei.<\/p>\n\n\n\n<figure class=\"wp-block-image size-large\"><img loading=\"lazy\" decoding=\"async\" width=\"768\" height=\"1024\" src=\"https:\/\/www.saloanoticias.com\/v1\/wp-content\/uploads\/2025\/03\/6dd7c80b-6eae-4d35-b7f4-30a782322719-768x1024.jpeg\" alt=\"\" class=\"wp-image-28074\" srcset=\"https:\/\/www.saloanoticias.com\/v1\/wp-content\/uploads\/2025\/03\/6dd7c80b-6eae-4d35-b7f4-30a782322719-768x1024.jpeg 768w, https:\/\/www.saloanoticias.com\/v1\/wp-content\/uploads\/2025\/03\/6dd7c80b-6eae-4d35-b7f4-30a782322719-225x300.jpeg 225w, https:\/\/www.saloanoticias.com\/v1\/wp-content\/uploads\/2025\/03\/6dd7c80b-6eae-4d35-b7f4-30a782322719-1152x1536.jpeg 1152w, https:\/\/www.saloanoticias.com\/v1\/wp-content\/uploads\/2025\/03\/6dd7c80b-6eae-4d35-b7f4-30a782322719-1536x2048.jpeg 1536w, https:\/\/www.saloanoticias.com\/v1\/wp-content\/uploads\/2025\/03\/6dd7c80b-6eae-4d35-b7f4-30a782322719-scaled.jpeg 1920w\" sizes=\"auto, (max-width: 768px) 100vw, 768px\" \/><\/figure>\n\n\n\n<p>O jovem atleta foi participar desse magn\u00edfico evento esportivo patrocinado pela Prefeitura de Salo\u00e1, Cosme Melo, Vereador Jamel\u00e3o, Salo\u00e1 combust\u00edvel na pessoa de Pedro, Grupo Alto da Serra na pessoa de Luciano Brito.<\/p>\n\n\n\n<p>Existe outras pessoas que cuidam da sa\u00fade do jovem atleta o Nutricionista \u00c1lvaro Juno, Academia de Nat\u00e9rcio Rold\u00e3o, enfim muitos s\u00e3o os colaboradores pra que esse rapaz consiga trazer esse t\u00edtulo para Salo\u00e1, que pela primeira vez pode dizer nossa cidade tem um Campe\u00e3o Brasileiro de Jud\u00f4.<\/p>\n\n\n\n<p>Queremos tamb\u00e9m agradecer a parceria do nosso amigo Dinho Birunda, Evinho Birunda e Henrique Birunda, pois os mesmos s\u00e3o primos do jovem e n\u00e3o medem esfor\u00e7os para ajuda lo. Agradecemos ao Prefeito Rivaldo J\u00fanior que abra\u00e7ou o jovem Jos\u00e9 Neto. Muito obrigado Prefeito.<\/p>\n\n\n\n<p>Esse m\u00eas de abril, o rapaz participar\u00e1 da Seletiva Nacional Sub-18 s\u00f3 para os Cadetes que ir\u00e1 acontecer em Recife n\u00e3o temos a data certa ainda, mas sabemos que nosso atleta segue firme e forte. Queremos agradecer ao Blog Salo\u00e1 Not\u00edcias e os grupos de Watts que circula informa\u00e7\u00f5es interessantes no munic\u00edpio e estado.<\/p>\n<div style=\"margin-top: 0px; margin-bottom: 0px;\" class=\"sharethis-inline-share-buttons\" ><\/div>","protected":false},"excerpt":{"rendered":"<p>O jovem atleta saloanse Jos\u00e9 Maria Pereira de Melo Neto (Neto Birunda) de apenas 16 anos continua fazendo hist\u00f3ria pelo nosso pa\u00eds. Dessa vez Neto foi \u00e0 capital Sergipana (Aracaju) em busca de um p\u00f3dio, e n\u00e3o \u00e9 que deu certo! Jos\u00e9 Neto lutou em duas categorias Sub-18 (Cadetes) e Sub-21 (J\u00fanior). Foram lutas muito [&hellip;]<\/p>\n","protected":false},"author":1,"featured_media":28072,"comment_status":"closed","ping_status":"closed","sticky":false,"template":"","format":"standard","meta":{"footnotes":""},"categories":[27],"tags":[22],"class_list":["post-28068","post","type-post","status-publish","format-standard","has-post-thumbnail","hentry","category-esportes","tag-destaques"],"_links":{"self":[{"href":"https:\/\/www.saloanoticias.com\/v1\/wp-json\/wp\/v2\/posts\/28068","targetHints":{"allow":["GET"]}}],"collection":[{"href":"https:\/\/www.saloanoticias.com\/v1\/wp-json\/wp\/v2\/posts"}],"about":[{"href":"https:\/\/www.saloanoticias.com\/v1\/wp-json\/wp\/v2\/types\/post"}],"author":[{"embeddable":true,"href":"https:\/\/www.saloanoticias.com\/v1\/wp-json\/wp\/v2\/users\/1"}],"replies":[{"embeddable":true,"href":"https:\/\/www.saloanoticias.com\/v1\/wp-json\/wp\/v2\/comments?post=28068"}],"version-history":[{"count":7,"href":"https:\/\/www.saloanoticias.com\/v1\/wp-json\/wp\/v2\/posts\/28068\/revisions"}],"predecessor-version":[{"id":28101,"href":"https:\/\/www.saloanoticias.com\/v1\/wp-json\/wp\/v2\/posts\/28068\/revisions\/28101"}],"wp:featuredmedia":[{"embeddable":true,"href":"https:\/\/www.saloanoticias.com\/v1\/wp-json\/wp\/v2\/media\/28072"}],"wp:attachment":[{"href":"https:\/\/www.saloanoticias.com\/v1\/wp-json\/wp\/v2\/media?parent=28068"}],"wp:term":[{"taxonomy":"category","embeddable":true,"href":"https:\/\/www.saloanoticias.com\/v1\/wp-json\/wp\/v2\/categories?post=28068"},{"taxonomy":"post_tag","embeddable":true,"href":"https:\/\/www.saloanoticias.com\/v1\/wp-json\/wp\/v2\/tags?post=28068"}],"curies":[{"name":"wp","href":"https:\/\/api.w.org\/{rel}","templated":true}]}}