{"id":28005,"date":"2025-03-27T20:33:54","date_gmt":"2025-03-27T23:33:54","guid":{"rendered":"https:\/\/www.saloanoticias.com\/v1\/?p=28005"},"modified":"2025-03-27T20:37:53","modified_gmt":"2025-03-27T23:37:53","slug":"junior-de-rivaldo-anuncia-oficialmente-o-vereador-ze-cabelereiro-no-seu-grupo-politico","status":"publish","type":"post","link":"https:\/\/www.saloanoticias.com\/v1\/junior-de-rivaldo-anuncia-oficialmente-o-vereador-ze-cabelereiro-no-seu-grupo-politico\/","title":{"rendered":"J\u00fanior de Rivaldo anuncia oficialmente o vereador Z\u00e9 Cabelereiro no seu grupo pol\u00edtico"},"content":{"rendered":"\n<p>O prefeito de Salo\u00e1, J\u00fanior de Rivaldo (PSDB), gravou um v\u00eddeo na tarde desta quinta-feira, dia 27 de mar\u00e7o de 2025, convidando a popula\u00e7\u00e3o para a inaugura\u00e7\u00e3o da nova escola Vicente Alves de Barros, da Serrinha da Prata, que acontece nesta sexta-feira (28), e na oportunidade, anunciou o vereador Jos\u00e9 Ailton Carlos, o popular Z\u00e9 Cabelereiro (Republicanos), no seu grupo pol\u00edtico.<\/p>\n\n\n\n<p>Nos bastidores pol\u00edticos, o nome de Z\u00e9 Cabeleireiro no governo j\u00e1 era certo, mas, faltava o an\u00fancio oficial que aconteceu hoje. O parlamentar est\u00e1 no seu terceiro mandato e fazia uma s\u00e9ria e respons\u00e1vel oposi\u00e7\u00e3o ao governo, mas sempre teve um bom relacionamento com J\u00fanior de Rivaldo e grande parte da ala governista.<\/p>\n\n\n\n<p>A chegada do vereador ao grupo liderado por Rivaldo J\u00fanior vem fortalecer ainda mais a base governista na casa Jos\u00e9 Soares de Melo, onde o prefeito j\u00e1 possui quase a totalidade dos vereadores ao seu lado, demonstrando grande habilidade pol\u00edtica e di\u00e1logo com o parlamento municipal.<\/p>\n\n\n\n<p>O prefeito disse que Z\u00e9 Cabeleireiro t\u00e1 chegando para fazer parte do time do trabalho, e que est\u00e1 muito feliz com a chegada do vereador e que juntos v\u00e3o fazer muito pelo munic\u00edpio de Salo\u00e1. Z\u00e9 aproveitou a oportunidade para dizer que estar\u00e1 ao lado de J\u00fanior para trabalhar pelo povo e destacou que o prefeito est\u00e1 de parab\u00e9ns por ter conclu\u00eddo as obras dessa importante escola para a comunidade Serrinha da Prata.<\/p>\n\n\n\n<p>Analistas pol\u00edticos acreditam que Z\u00e9 Cabeleireiro j\u00e1 fazia um excelente trabalho com as dificuldades da oposi\u00e7\u00e3o, e que agora potencializa ainda mais a sua atua\u00e7\u00e3o com o apoio do governo.<\/p>\n<div style=\"margin-top: 0px; margin-bottom: 0px;\" class=\"sharethis-inline-share-buttons\" ><\/div>","protected":false},"excerpt":{"rendered":"<p>O prefeito de Salo\u00e1, J\u00fanior de Rivaldo (PSDB), gravou um v\u00eddeo na tarde desta quinta-feira, dia 27 de mar\u00e7o de 2025, convidando a popula\u00e7\u00e3o para a inaugura\u00e7\u00e3o da nova escola Vicente Alves de Barros, da Serrinha da Prata, que acontece nesta sexta-feira (28), e na oportunidade, anunciou o vereador Jos\u00e9 Ailton Carlos, o popular Z\u00e9 [&hellip;]<\/p>\n","protected":false},"author":1,"featured_media":28007,"comment_status":"closed","ping_status":"closed","sticky":false,"template":"","format":"standard","meta":{"footnotes":""},"categories":[21],"tags":[22],"class_list":["post-28005","post","type-post","status-publish","format-standard","has-post-thumbnail","hentry","category-cidade","tag-destaques"],"_links":{"self":[{"href":"https:\/\/www.saloanoticias.com\/v1\/wp-json\/wp\/v2\/posts\/28005","targetHints":{"allow":["GET"]}}],"collection":[{"href":"https:\/\/www.saloanoticias.com\/v1\/wp-json\/wp\/v2\/posts"}],"about":[{"href":"https:\/\/www.saloanoticias.com\/v1\/wp-json\/wp\/v2\/types\/post"}],"author":[{"embeddable":true,"href":"https:\/\/www.saloanoticias.com\/v1\/wp-json\/wp\/v2\/users\/1"}],"replies":[{"embeddable":true,"href":"https:\/\/www.saloanoticias.com\/v1\/wp-json\/wp\/v2\/comments?post=28005"}],"version-history":[{"count":1,"href":"https:\/\/www.saloanoticias.com\/v1\/wp-json\/wp\/v2\/posts\/28005\/revisions"}],"predecessor-version":[{"id":28006,"href":"https:\/\/www.saloanoticias.com\/v1\/wp-json\/wp\/v2\/posts\/28005\/revisions\/28006"}],"wp:featuredmedia":[{"embeddable":true,"href":"https:\/\/www.saloanoticias.com\/v1\/wp-json\/wp\/v2\/media\/28007"}],"wp:attachment":[{"href":"https:\/\/www.saloanoticias.com\/v1\/wp-json\/wp\/v2\/media?parent=28005"}],"wp:term":[{"taxonomy":"category","embeddable":true,"href":"https:\/\/www.saloanoticias.com\/v1\/wp-json\/wp\/v2\/categories?post=28005"},{"taxonomy":"post_tag","embeddable":true,"href":"https:\/\/www.saloanoticias.com\/v1\/wp-json\/wp\/v2\/tags?post=28005"}],"curies":[{"name":"wp","href":"https:\/\/api.w.org\/{rel}","templated":true}]}}