{"id":27863,"date":"2025-03-11T16:38:12","date_gmt":"2025-03-11T19:38:12","guid":{"rendered":"https:\/\/www.saloanoticias.com\/v1\/?p=27863"},"modified":"2025-03-12T12:13:02","modified_gmt":"2025-03-12T15:13:02","slug":"prefeitura-de-saloa-promovera-leilao-publico-nesta-quarta-feira-12","status":"publish","type":"post","link":"https:\/\/www.saloanoticias.com\/v1\/prefeitura-de-saloa-promovera-leilao-publico-nesta-quarta-feira-12\/","title":{"rendered":"Prefeitura de Salo\u00e1 promover\u00e1 leil\u00e3o de ve\u00edculos nesta quarta-feira (12\/03)"},"content":{"rendered":"\n<p>A Prefeitura do Munic\u00edpio de Salo\u00e1, por meio da Secretaria de Administra\u00e7\u00e3o e do setor de Compras, Licita\u00e7\u00f5es e Patrim\u00f4nio, torna p\u00fablico que vai realizar nesta\u00a0quarta-feira, dia 12 de mar\u00e7o de 2025, \u00e0s 9h, presencialmente e pela internet, um leil\u00e3o de ve\u00edculos e equipamentos, do tipo\u00a0maior lance\u00a0para os objetos, bens inserv\u00edveis, especificados de acordo com as regras do <strong>Edital PROCESSO LICITAT\u00d3RIO N\u00ba 20\/2025 &#8211; LEIL\u00c3O PRESENCIAL E ELETR\u00d4NICO N\u00ba 001\/2025 e da Lei n\u00ba 14.133\/21<\/strong> e suas altera\u00e7\u00f5es posteriores.<\/p>\n\n\n\n<p>Os interessados em participar do leil\u00e3o poder\u00e3o dar lances at\u00e9 a data e hor\u00e1rio agendado para a realiza\u00e7\u00e3o do leil\u00e3o que ser\u00e1 no Almoxarifado P\u00fablico, que fica na Avenida Senador Paulo Guerra, no centro.<\/p>\n\n\n\n<p>Os bens ser\u00e3o leiloados no estado e condi\u00e7\u00f5es em que se encontram e estar\u00e3o \u00e0 disposi\u00e7\u00e3o para visita no local onde est\u00e3o custodiados. Segundo foi apurado pelo nosso site, os interessados encontram mais detalhes sobre os lotes a serem leiloados atrav\u00e9s do site da Prefeitura e pelas redes sociais oficiais. Confira o edital completo em:<\/p>\n\n\n\n<p class=\"has-text-align-center\"><a href=\"http:\/\/app.saloa.pe.gov.br\/transparenciamunicipal\/exibeLicitacao.aspx?ID=23&amp;cod=20585&amp;e=P\">app.saloa.pe.gov.br\/transparenciamunicipal\/exibeLicitacao.aspx?ID=23&amp;cod=20585&amp;e=P<\/a><\/p>\n<div style=\"margin-top: 0px; margin-bottom: 0px;\" class=\"sharethis-inline-share-buttons\" ><\/div>","protected":false},"excerpt":{"rendered":"<p>A Prefeitura do Munic\u00edpio de Salo\u00e1, por meio da Secretaria de Administra\u00e7\u00e3o e do setor de Compras, Licita\u00e7\u00f5es e Patrim\u00f4nio, torna p\u00fablico que vai realizar nesta\u00a0quarta-feira, dia 12 de mar\u00e7o de 2025, \u00e0s 9h, presencialmente e pela internet, um leil\u00e3o de ve\u00edculos e equipamentos, do tipo\u00a0maior lance\u00a0para os objetos, bens inserv\u00edveis, especificados de acordo com [&hellip;]<\/p>\n","protected":false},"author":1,"featured_media":27867,"comment_status":"closed","ping_status":"closed","sticky":false,"template":"","format":"standard","meta":{"footnotes":""},"categories":[21],"tags":[22],"class_list":["post-27863","post","type-post","status-publish","format-standard","has-post-thumbnail","hentry","category-cidade","tag-destaques"],"_links":{"self":[{"href":"https:\/\/www.saloanoticias.com\/v1\/wp-json\/wp\/v2\/posts\/27863","targetHints":{"allow":["GET"]}}],"collection":[{"href":"https:\/\/www.saloanoticias.com\/v1\/wp-json\/wp\/v2\/posts"}],"about":[{"href":"https:\/\/www.saloanoticias.com\/v1\/wp-json\/wp\/v2\/types\/post"}],"author":[{"embeddable":true,"href":"https:\/\/www.saloanoticias.com\/v1\/wp-json\/wp\/v2\/users\/1"}],"replies":[{"embeddable":true,"href":"https:\/\/www.saloanoticias.com\/v1\/wp-json\/wp\/v2\/comments?post=27863"}],"version-history":[{"count":4,"href":"https:\/\/www.saloanoticias.com\/v1\/wp-json\/wp\/v2\/posts\/27863\/revisions"}],"predecessor-version":[{"id":27870,"href":"https:\/\/www.saloanoticias.com\/v1\/wp-json\/wp\/v2\/posts\/27863\/revisions\/27870"}],"wp:featuredmedia":[{"embeddable":true,"href":"https:\/\/www.saloanoticias.com\/v1\/wp-json\/wp\/v2\/media\/27867"}],"wp:attachment":[{"href":"https:\/\/www.saloanoticias.com\/v1\/wp-json\/wp\/v2\/media?parent=27863"}],"wp:term":[{"taxonomy":"category","embeddable":true,"href":"https:\/\/www.saloanoticias.com\/v1\/wp-json\/wp\/v2\/categories?post=27863"},{"taxonomy":"post_tag","embeddable":true,"href":"https:\/\/www.saloanoticias.com\/v1\/wp-json\/wp\/v2\/tags?post=27863"}],"curies":[{"name":"wp","href":"https:\/\/api.w.org\/{rel}","templated":true}]}}