{"id":27819,"date":"2025-03-05T09:26:49","date_gmt":"2025-03-05T12:26:49","guid":{"rendered":"https:\/\/www.saloanoticias.com\/v1\/?p=27819"},"modified":"2025-03-05T11:00:25","modified_gmt":"2025-03-05T14:00:25","slug":"prefeitura-de-saloa-decreta-ponto-facultativo-na-proxima-sexta-feira-7-de-marco","status":"publish","type":"post","link":"https:\/\/www.saloanoticias.com\/v1\/prefeitura-de-saloa-decreta-ponto-facultativo-na-proxima-sexta-feira-7-de-marco\/","title":{"rendered":"Prefeitura de Salo\u00e1 decreta ponto facultativo na pr\u00f3xima sexta-feira, 7 de mar\u00e7o"},"content":{"rendered":"\n<p>O prefeito, j\u00fanior de Rivaldo, decretou ponto facultativo para o servi\u00e7o p\u00fablico na pr\u00f3xima sexta-feira, dia 7 de mar\u00e7o, no \u00e2mbito do munic\u00edpio de Salo\u00e1, exceto os servi\u00e7os essenciais de plant\u00e3o, que pela natureza, os servi\u00e7os n\u00e3o podem ser interrompidos, devendo os respectivos \u00f3rg\u00e3os manter suas escalas ou outras formas de funcionamento que assegurem a continuidade dos servi\u00e7os prestados \u00e0 popula\u00e7\u00e3o.<\/p>\n\n\n\n<p>A decis\u00e3o administrativa se deu por conta do feriado da Carta Magna de Pernambuco que ser\u00e1 comemorado nesta quinta-feira, 6, feriado estadual que homenageia a Revolu\u00e7\u00e3o Pernambucana de 1817. A data foi institu\u00edda pela ALEPE &#8211; Assembleia Legislativa de Pernambucano. Confira o documento na sua \u00edntegra logo abaixo:<\/p>\n\n\n<div class=\"wp-block-image\">\n<figure class=\"aligncenter size-large\"><img loading=\"lazy\" decoding=\"async\" width=\"838\" height=\"1024\" src=\"https:\/\/www.saloanoticias.com\/v1\/wp-content\/uploads\/2025\/03\/IMG_4734-838x1024.jpeg\" alt=\"\" class=\"wp-image-27822\" srcset=\"https:\/\/www.saloanoticias.com\/v1\/wp-content\/uploads\/2025\/03\/IMG_4734-838x1024.jpeg 838w, https:\/\/www.saloanoticias.com\/v1\/wp-content\/uploads\/2025\/03\/IMG_4734-246x300.jpeg 246w, https:\/\/www.saloanoticias.com\/v1\/wp-content\/uploads\/2025\/03\/IMG_4734-768x938.jpeg 768w, https:\/\/www.saloanoticias.com\/v1\/wp-content\/uploads\/2025\/03\/IMG_4734.jpeg 960w\" sizes=\"auto, (max-width: 838px) 100vw, 838px\" \/><\/figure>\n<\/div><div style=\"margin-top: 0px; margin-bottom: 0px;\" class=\"sharethis-inline-share-buttons\" ><\/div>","protected":false},"excerpt":{"rendered":"<p>O prefeito, j\u00fanior de Rivaldo, decretou ponto facultativo para o servi\u00e7o p\u00fablico na pr\u00f3xima sexta-feira, dia 7 de mar\u00e7o, no \u00e2mbito do munic\u00edpio de Salo\u00e1, exceto os servi\u00e7os essenciais de plant\u00e3o, que pela natureza, os servi\u00e7os n\u00e3o podem ser interrompidos, devendo os respectivos \u00f3rg\u00e3os manter suas escalas ou outras formas de funcionamento que assegurem a [&hellip;]<\/p>\n","protected":false},"author":1,"featured_media":27821,"comment_status":"closed","ping_status":"closed","sticky":false,"template":"","format":"standard","meta":{"footnotes":""},"categories":[21],"tags":[22],"class_list":["post-27819","post","type-post","status-publish","format-standard","has-post-thumbnail","hentry","category-cidade","tag-destaques"],"_links":{"self":[{"href":"https:\/\/www.saloanoticias.com\/v1\/wp-json\/wp\/v2\/posts\/27819","targetHints":{"allow":["GET"]}}],"collection":[{"href":"https:\/\/www.saloanoticias.com\/v1\/wp-json\/wp\/v2\/posts"}],"about":[{"href":"https:\/\/www.saloanoticias.com\/v1\/wp-json\/wp\/v2\/types\/post"}],"author":[{"embeddable":true,"href":"https:\/\/www.saloanoticias.com\/v1\/wp-json\/wp\/v2\/users\/1"}],"replies":[{"embeddable":true,"href":"https:\/\/www.saloanoticias.com\/v1\/wp-json\/wp\/v2\/comments?post=27819"}],"version-history":[{"count":4,"href":"https:\/\/www.saloanoticias.com\/v1\/wp-json\/wp\/v2\/posts\/27819\/revisions"}],"predecessor-version":[{"id":27825,"href":"https:\/\/www.saloanoticias.com\/v1\/wp-json\/wp\/v2\/posts\/27819\/revisions\/27825"}],"wp:featuredmedia":[{"embeddable":true,"href":"https:\/\/www.saloanoticias.com\/v1\/wp-json\/wp\/v2\/media\/27821"}],"wp:attachment":[{"href":"https:\/\/www.saloanoticias.com\/v1\/wp-json\/wp\/v2\/media?parent=27819"}],"wp:term":[{"taxonomy":"category","embeddable":true,"href":"https:\/\/www.saloanoticias.com\/v1\/wp-json\/wp\/v2\/categories?post=27819"},{"taxonomy":"post_tag","embeddable":true,"href":"https:\/\/www.saloanoticias.com\/v1\/wp-json\/wp\/v2\/tags?post=27819"}],"curies":[{"name":"wp","href":"https:\/\/api.w.org\/{rel}","templated":true}]}}