{"id":27807,"date":"2025-03-04T10:07:47","date_gmt":"2025-03-04T13:07:47","guid":{"rendered":"https:\/\/www.saloanoticias.com\/v1\/?p=27807"},"modified":"2025-03-04T21:31:15","modified_gmt":"2025-03-05T00:31:15","slug":"blog-saloa-noticias-recebe-premiacao-por-ser-o-mais-acessado-segundo-avaliacao-publica","status":"publish","type":"post","link":"https:\/\/www.saloanoticias.com\/v1\/blog-saloa-noticias-recebe-premiacao-por-ser-o-mais-acessado-segundo-avaliacao-publica\/","title":{"rendered":"Blog Salo\u00e1 Not\u00edcias recebe premia\u00e7\u00e3o de mais acessado em 2024, segundo avalia\u00e7\u00e3o p\u00fablica"},"content":{"rendered":"\n<p>Aconteceu no \u00faltimo dia 26 de fevereiro de 2025 a entrega da premia\u00e7\u00e3o \u201cOs Melhores Profissionais de Salo\u00e1\/PE em 2024, Edi\u00e7\u00e3o e Consagra\u00e7\u00e3o 2025\u201d, evento promovido pela empresa de eventos Sete Sinais.<\/p>\n\n\n\n<p>A festa aconteceu nas depend\u00eancias do Espa\u00e7o de Festa Elmes e reuniu dezenas de profissionais liberais, empres\u00e1rios, comerciantes e pol\u00edticos participaram da premia\u00e7\u00e3o que acontece todos os anos. Nesta edi\u00e7\u00e3o, o site Salo\u00e1 Not\u00edcias foi premiado mais uma vez por ter sido o mais acessado em 2024, vencendo na categoria site de not\u00edcias.<\/p>\n\n\n\n<p>O pr\u00eamio foi recebido pelo seu fundador e diretor Ronaldinho que agradeceu a todos que votaram, resultando na conquista de mais um pr\u00eamio na hist\u00f3ria do Blog que j\u00e1 dura mais de 14 anos de exist\u00eancia.<\/p>\n\n\n\n<p>Ronaldinho ainda destacou a import\u00e2ncia do SN no munic\u00edpio de Salo\u00e1 e regi\u00e3o, pois, j\u00e1 conquistou a confian\u00e7a da popula\u00e7\u00e3o com um jornalismo s\u00e9rio e pautado na verdade, atingindo a surpreendente marca de mais de 100 mil acessos mensais.<\/p>\n\n\n\n<p>&#8220;Vamos continuar trabalhando para que o Blog Salo\u00e1 Not\u00edcias cres\u00e7a a cada ano, levando informa\u00e7\u00f5es de qualidade e com muita responsabilidade, e que o direito da livre express\u00e3o de imprensa seja fortalecido e tenhamos uma sociedade cada vez mais informada, destacou ele.<\/p>\n<div style=\"margin-top: 0px; margin-bottom: 0px;\" class=\"sharethis-inline-share-buttons\" ><\/div>","protected":false},"excerpt":{"rendered":"<p>Aconteceu no \u00faltimo dia 26 de fevereiro de 2025 a entrega da premia\u00e7\u00e3o \u201cOs Melhores Profissionais de Salo\u00e1\/PE em 2024, Edi\u00e7\u00e3o e Consagra\u00e7\u00e3o 2025\u201d, evento promovido pela empresa de eventos Sete Sinais. A festa aconteceu nas depend\u00eancias do Espa\u00e7o de Festa Elmes e reuniu dezenas de profissionais liberais, empres\u00e1rios, comerciantes e pol\u00edticos participaram da premia\u00e7\u00e3o [&hellip;]<\/p>\n","protected":false},"author":1,"featured_media":27808,"comment_status":"closed","ping_status":"closed","sticky":false,"template":"","format":"standard","meta":{"footnotes":""},"categories":[21],"tags":[22],"class_list":["post-27807","post","type-post","status-publish","format-standard","has-post-thumbnail","hentry","category-cidade","tag-destaques"],"_links":{"self":[{"href":"https:\/\/www.saloanoticias.com\/v1\/wp-json\/wp\/v2\/posts\/27807","targetHints":{"allow":["GET"]}}],"collection":[{"href":"https:\/\/www.saloanoticias.com\/v1\/wp-json\/wp\/v2\/posts"}],"about":[{"href":"https:\/\/www.saloanoticias.com\/v1\/wp-json\/wp\/v2\/types\/post"}],"author":[{"embeddable":true,"href":"https:\/\/www.saloanoticias.com\/v1\/wp-json\/wp\/v2\/users\/1"}],"replies":[{"embeddable":true,"href":"https:\/\/www.saloanoticias.com\/v1\/wp-json\/wp\/v2\/comments?post=27807"}],"version-history":[{"count":6,"href":"https:\/\/www.saloanoticias.com\/v1\/wp-json\/wp\/v2\/posts\/27807\/revisions"}],"predecessor-version":[{"id":27818,"href":"https:\/\/www.saloanoticias.com\/v1\/wp-json\/wp\/v2\/posts\/27807\/revisions\/27818"}],"wp:featuredmedia":[{"embeddable":true,"href":"https:\/\/www.saloanoticias.com\/v1\/wp-json\/wp\/v2\/media\/27808"}],"wp:attachment":[{"href":"https:\/\/www.saloanoticias.com\/v1\/wp-json\/wp\/v2\/media?parent=27807"}],"wp:term":[{"taxonomy":"category","embeddable":true,"href":"https:\/\/www.saloanoticias.com\/v1\/wp-json\/wp\/v2\/categories?post=27807"},{"taxonomy":"post_tag","embeddable":true,"href":"https:\/\/www.saloanoticias.com\/v1\/wp-json\/wp\/v2\/tags?post=27807"}],"curies":[{"name":"wp","href":"https:\/\/api.w.org\/{rel}","templated":true}]}}