{"id":27733,"date":"2025-02-23T09:55:13","date_gmt":"2025-02-23T12:55:13","guid":{"rendered":"https:\/\/www.saloanoticias.com\/v1\/?p=27733"},"modified":"2025-02-23T12:07:00","modified_gmt":"2025-02-23T15:07:00","slug":"raquel-lyra-prestigia-posse-de-junior-de-rivaldo-a-frente-da-codeam-e-reafirma-parceria-com-o-agreste","status":"publish","type":"post","link":"https:\/\/www.saloanoticias.com\/v1\/raquel-lyra-prestigia-posse-de-junior-de-rivaldo-a-frente-da-codeam-e-reafirma-parceria-com-o-agreste\/","title":{"rendered":"Raquel Lyra prestigia posse de J\u00fanior de Rivaldo \u00e0 frente da CODEAM e reafirma parceria com o Agreste"},"content":{"rendered":"\n<p>A governadora Raquel Lyra participou, neste s\u00e1bado (22), da posse de J\u00fanior de Rivaldo como presidente da nova diretoria do Cons\u00f3rcio de Desenvolvimento do Agreste Meridional (CODEAM), em Garanhuns. Na solenidade, a chefe do Executivo estadual destacou a parceria do Governo do Estado com o Agreste para assegurar o desenvolvimento das cidades da regi\u00e3o. A vice-governadora Priscila Krause tamb\u00e9m participou da agenda.<\/p>\n\n\n\n<p>\u201cTemos um di\u00e1logo permanente com os prefeitos e eu vim a Garanhuns refor\u00e7ar nosso compromisso de trabalhar junto com os cons\u00f3rcios dos munic\u00edpios pernambucanos. A parceria com os cons\u00f3rcios \u00e9 importante porque \u00e9 muito mais f\u00e1cil quando temos uma estrat\u00e9gia conjunta para o desenvolvimento das regi\u00f5es. Eu, por voca\u00e7\u00e3o, sou municipalista e trabalho para todas as cidades de Pernambuco&#8221;, afirmou a governadora Raquel Lyra.<\/p>\n\n\n\n<p>A gestora estadual listou algumas benfeitorias realizadas para melhorar a vida da popula\u00e7\u00e3o do Agreste. &#8220;Demos ordens de servi\u00e7o recentemente para 38 creches e pelo menos 20 delas s\u00e3o no Agreste. Aqui em Garanhuns ser\u00e3o constru\u00eddas duas unidades.<\/p>\n\n\n<div class=\"wp-block-image\">\n<figure class=\"aligncenter size-large is-resized\"><img loading=\"lazy\" decoding=\"async\" width=\"683\" height=\"1024\" src=\"https:\/\/www.saloanoticias.com\/v1\/wp-content\/uploads\/2025\/02\/WhatsApp-Image-2025-02-22-at-16.35.19-683x1024.jpeg\" alt=\"\" class=\"wp-image-27735\" style=\"width:781px;height:auto\" srcset=\"https:\/\/www.saloanoticias.com\/v1\/wp-content\/uploads\/2025\/02\/WhatsApp-Image-2025-02-22-at-16.35.19-683x1024.jpeg 683w, https:\/\/www.saloanoticias.com\/v1\/wp-content\/uploads\/2025\/02\/WhatsApp-Image-2025-02-22-at-16.35.19-200x300.jpeg 200w, https:\/\/www.saloanoticias.com\/v1\/wp-content\/uploads\/2025\/02\/WhatsApp-Image-2025-02-22-at-16.35.19-768x1152.jpeg 768w, https:\/\/www.saloanoticias.com\/v1\/wp-content\/uploads\/2025\/02\/WhatsApp-Image-2025-02-22-at-16.35.19-1024x1536.jpeg 1024w, https:\/\/www.saloanoticias.com\/v1\/wp-content\/uploads\/2025\/02\/WhatsApp-Image-2025-02-22-at-16.35.19-1365x2048.jpeg 1365w, https:\/\/www.saloanoticias.com\/v1\/wp-content\/uploads\/2025\/02\/WhatsApp-Image-2025-02-22-at-16.35.19-scaled.jpeg 1706w\" sizes=\"auto, (max-width: 683px) 100vw, 683px\" \/><\/figure>\n<\/div>\n\n\n<p>Nos pr\u00f3ximos dias, lan\u00e7aremos o edital do Hospital Mestre Dominguinhos e da Maternidade para Garanhuns. J\u00e1 temos terreno definido, adquirido pelo Governo de Pernambuco. Ser\u00e1 um local com f\u00e1cil acesso para a popula\u00e7\u00e3o. Em breve, lan\u00e7aremos o edital da obra do Complexo de Pol\u00edcia Cient\u00edfica de Garanhuns. Temos parceria com as cidades em diversas \u00e1reas, como educa\u00e7\u00e3o, sa\u00fade e assist\u00eancia\u201d, refor\u00e7ou a gestora estadual.<\/p>\n\n\n\n<p>O Cons\u00f3rcio tem o objetivo de promover o desenvolvimento dos munic\u00edpios. O novo presidente da CODEAM, Junior de Rivaldo, prefeito de Salo\u00e1, foi empossado junto com a nova diretoria da institui\u00e7\u00e3o para o bi\u00eanio 2025\/2026.<\/p>\n\n\n\n<p>&#8220;A gente est\u00e1 tendo a felicidade de aproximar realmente a CODEAM ao Governo do Estado e ao governo federal. J\u00e1 tivemos v\u00e1rias reuni\u00f5es com a nossa governadora, que tem nos ajudado bastante. Juntos, vamos fortalecer n\u00e3o s\u00f3 a CODEAM, mas o Agreste Meridional e os munic\u00edpios que fazem parte desse cons\u00f3rcio t\u00e3o importante&#8221;, disse.<\/p>\n\n\n<div class=\"wp-block-image\">\n<figure class=\"aligncenter size-large is-resized\"><img loading=\"lazy\" decoding=\"async\" width=\"1024\" height=\"683\" src=\"https:\/\/www.saloanoticias.com\/v1\/wp-content\/uploads\/2025\/02\/WhatsApp-Image-2025-02-22-at-16.35.12-1024x683.jpeg\" alt=\"\" class=\"wp-image-27736\" style=\"width:896px;height:auto\" srcset=\"https:\/\/www.saloanoticias.com\/v1\/wp-content\/uploads\/2025\/02\/WhatsApp-Image-2025-02-22-at-16.35.12-1024x683.jpeg 1024w, https:\/\/www.saloanoticias.com\/v1\/wp-content\/uploads\/2025\/02\/WhatsApp-Image-2025-02-22-at-16.35.12-300x200.jpeg 300w, https:\/\/www.saloanoticias.com\/v1\/wp-content\/uploads\/2025\/02\/WhatsApp-Image-2025-02-22-at-16.35.12-768x512.jpeg 768w, https:\/\/www.saloanoticias.com\/v1\/wp-content\/uploads\/2025\/02\/WhatsApp-Image-2025-02-22-at-16.35.12-1536x1024.jpeg 1536w, https:\/\/www.saloanoticias.com\/v1\/wp-content\/uploads\/2025\/02\/WhatsApp-Image-2025-02-22-at-16.35.12-2048x1365.jpeg 2048w\" sizes=\"auto, (max-width: 1024px) 100vw, 1024px\" \/><\/figure>\n<\/div>\n\n\n<p>Anfitri\u00e3o do evento, o prefeito de Garanhuns, Sivaldo Albino, tamb\u00e9m discursou. \u201c\u00c9 importante que a gente pense cada vez mais no fortalecimento do Agreste\u201d, pontuou. Outras autoridades pol\u00edticas presentes no evento destacaram a import\u00e2ncia da parceria do Governo do Estado com a Uni\u00e3o e com o Congresso Nacional, apontando os resultados desse trabalho em conjunto.<\/p>\n\n\n\n<p>Em Garanhuns, a governadora tamb\u00e9m recebeu representantes das Escolas Estaduais Ind\u00edgenas Fulni-\u00f4, que agradeceram o apoio do Governo do Estado no fortalecimento da educa\u00e7\u00e3o no Agreste Meridional.<br>Estiveram presentes na posse da CODEAM os ministros Silvio Costa Filho (Portos e Aeroportos), Andr\u00e9 de Paula (Pesca e Apicultura); os deputados federais, Lula da Fonte, Fernando Rodolfo, Fernando Monteiro; os deputados estaduais, D\u00e9bora Almeida, Dannilo Godoy, Cayo Albino; os secret\u00e1rios estaduais T\u00falio Vila\u00e7a (Casa Civil), Coronel Herc\u00edlio Mamede (Casa Militar); e o presidente da Ag\u00eancia de Desenvolvimento Econ\u00f4mico de Pernambuco (Adepe), Andr\u00e9 Teixeira.<\/p>\n\n\n\n<p>Ainda estiveram presentes os prefeitos Henrique Goes, (Paranatama); Pite (Quipap\u00e1); Dr. Elton Martins (\u00c1guas Belas); Edmilson da Bahia (Correntes); Rivanda Teixeira (Jupi); Celso Peixoto (Jucati); Branco de Geraldo (Jurema); Arno\u00f3bio Gomes (Terezinha); Saulo Maruim (Brejo); Carlos Henrique &#8211; Ca\u00edque (Angelim); Nivaldo Martins &#8211; Tirri (Caet\u00e9s); N\u00eago do Mercado (Capoeiras); Z\u00e9 Elias Filho (Cal\u00e7ado), Wilson Lima (S\u00e3o Jo\u00e3o); e Josaf\u00e1 Almeida (S\u00e3o Caetano); al\u00e9m do vice-prefeito de \u00c1guas Belas, Eniale de Codinho.<\/p>\n\n\n\n<p>Tamb\u00e9m estiveram na solenidade os ex-prefeitos Douglas Duarte (Angelim); Mateus Martins (Terezinha); Valmir (Paranatama); o ex-presidente da Codeam, Expedito Nogueira; e o ex-prefeito de \u00c1guas Belas e Assessor Especial do Governo do Estado, Luiz Aroldo. <em>Fotos: Yacy Ribeiro<\/em><\/p>\n<div style=\"margin-top: 0px; margin-bottom: 0px;\" class=\"sharethis-inline-share-buttons\" ><\/div>","protected":false},"excerpt":{"rendered":"<p>A governadora Raquel Lyra participou, neste s\u00e1bado (22), da posse de J\u00fanior de Rivaldo como presidente da nova diretoria do Cons\u00f3rcio de Desenvolvimento do Agreste Meridional (CODEAM), em Garanhuns. Na solenidade, a chefe do Executivo estadual destacou a parceria do Governo do Estado com o Agreste para assegurar o desenvolvimento das cidades da regi\u00e3o. A [&hellip;]<\/p>\n","protected":false},"author":1,"featured_media":27734,"comment_status":"closed","ping_status":"closed","sticky":false,"template":"","format":"standard","meta":{"footnotes":""},"categories":[15],"tags":[22],"class_list":["post-27733","post","type-post","status-publish","format-standard","has-post-thumbnail","hentry","category-politica","tag-destaques"],"_links":{"self":[{"href":"https:\/\/www.saloanoticias.com\/v1\/wp-json\/wp\/v2\/posts\/27733","targetHints":{"allow":["GET"]}}],"collection":[{"href":"https:\/\/www.saloanoticias.com\/v1\/wp-json\/wp\/v2\/posts"}],"about":[{"href":"https:\/\/www.saloanoticias.com\/v1\/wp-json\/wp\/v2\/types\/post"}],"author":[{"embeddable":true,"href":"https:\/\/www.saloanoticias.com\/v1\/wp-json\/wp\/v2\/users\/1"}],"replies":[{"embeddable":true,"href":"https:\/\/www.saloanoticias.com\/v1\/wp-json\/wp\/v2\/comments?post=27733"}],"version-history":[{"count":7,"href":"https:\/\/www.saloanoticias.com\/v1\/wp-json\/wp\/v2\/posts\/27733\/revisions"}],"predecessor-version":[{"id":27745,"href":"https:\/\/www.saloanoticias.com\/v1\/wp-json\/wp\/v2\/posts\/27733\/revisions\/27745"}],"wp:featuredmedia":[{"embeddable":true,"href":"https:\/\/www.saloanoticias.com\/v1\/wp-json\/wp\/v2\/media\/27734"}],"wp:attachment":[{"href":"https:\/\/www.saloanoticias.com\/v1\/wp-json\/wp\/v2\/media?parent=27733"}],"wp:term":[{"taxonomy":"category","embeddable":true,"href":"https:\/\/www.saloanoticias.com\/v1\/wp-json\/wp\/v2\/categories?post=27733"},{"taxonomy":"post_tag","embeddable":true,"href":"https:\/\/www.saloanoticias.com\/v1\/wp-json\/wp\/v2\/tags?post=27733"}],"curies":[{"name":"wp","href":"https:\/\/api.w.org\/{rel}","templated":true}]}}