{"id":27689,"date":"2025-02-17T17:17:26","date_gmt":"2025-02-17T20:17:26","guid":{"rendered":"https:\/\/www.saloanoticias.com\/v1\/?p=27689"},"modified":"2025-02-17T23:05:42","modified_gmt":"2025-02-18T02:05:42","slug":"gravissimo-acidente-deixa-uma-pessoa-morta-e-outras-feridas-na-pe-423","status":"publish","type":"post","link":"https:\/\/www.saloanoticias.com\/v1\/gravissimo-acidente-deixa-uma-pessoa-morta-e-outras-feridas-na-pe-423\/","title":{"rendered":"Grav\u00edssimo acidente deixa uma pessoa morta e outras feridas na PE 423"},"content":{"rendered":"\n<p>Um grav\u00edssimo acidente de tr\u00e2nsito ocorrido na tarde deste segunda-feira (17), na BR 423, nas proximidades do posto Alto da Serra, deixou uma pessoas morta e pelo menos 5 feridas. Segundo as informa\u00e7\u00f5es, uma van de transporte alternativo da cidade de Salo\u00e1 foi atingida lateralmente por uma carreta que ficou atravessada no meio da pista, prejudicando o fluxo de ve\u00edculos nas imedia\u00e7\u00f5es.<\/p>\n\n\n\n<p>O motorista da van, conhecido por Jo\u00e3o Bezerra da Rocha, 52 anos, morreu no local por conta das les\u00f5es e outras cinco pessoas foram encaminhadas para o hospital da cidade de Paranatama com ferimentos leves. N\u00e3o sabemos informar o paradeiro do motorista da carreta.<\/p>\n\n\n\n<p>Ainda pelas informa\u00e7\u00f5es, o corpo da v\u00edtima fatal ainda se encontra no local do acidente a espera do IML que o levar\u00e1 para a cidade de Caruaru, onde passar\u00e1 por uma per\u00edcia cadav\u00e9rica. Jo\u00e3o Rocha era um motorista bastante experiente e residia em Salo\u00e1.<\/p>\n\n\n\n<p>As informa\u00e7\u00f5es sobre a causa do acidente s\u00e3o ainda desencontradas. A fam\u00edlia de Jo\u00e3o ainda n\u00e3o se pronunciou sobre o local do vel\u00f3rio e o sepultamento e a qualquer momento traremos mais informa\u00e7\u00f5es sobre este lament\u00e1vel fato. Foto das redes sociais.<\/p>\n<div style=\"margin-top: 0px; margin-bottom: 0px;\" class=\"sharethis-inline-share-buttons\" ><\/div>","protected":false},"excerpt":{"rendered":"<p>Um grav\u00edssimo acidente de tr\u00e2nsito ocorrido na tarde deste segunda-feira (17), na BR 423, nas proximidades do posto Alto da Serra, deixou uma pessoas morta e pelo menos 5 feridas. Segundo as informa\u00e7\u00f5es, uma van de transporte alternativo da cidade de Salo\u00e1 foi atingida lateralmente por uma carreta que ficou atravessada no meio da pista, [&hellip;]<\/p>\n","protected":false},"author":1,"featured_media":27691,"comment_status":"closed","ping_status":"closed","sticky":false,"template":"","format":"standard","meta":{"footnotes":""},"categories":[19],"tags":[22],"class_list":["post-27689","post","type-post","status-publish","format-standard","has-post-thumbnail","hentry","category-policial","tag-destaques"],"_links":{"self":[{"href":"https:\/\/www.saloanoticias.com\/v1\/wp-json\/wp\/v2\/posts\/27689","targetHints":{"allow":["GET"]}}],"collection":[{"href":"https:\/\/www.saloanoticias.com\/v1\/wp-json\/wp\/v2\/posts"}],"about":[{"href":"https:\/\/www.saloanoticias.com\/v1\/wp-json\/wp\/v2\/types\/post"}],"author":[{"embeddable":true,"href":"https:\/\/www.saloanoticias.com\/v1\/wp-json\/wp\/v2\/users\/1"}],"replies":[{"embeddable":true,"href":"https:\/\/www.saloanoticias.com\/v1\/wp-json\/wp\/v2\/comments?post=27689"}],"version-history":[{"count":5,"href":"https:\/\/www.saloanoticias.com\/v1\/wp-json\/wp\/v2\/posts\/27689\/revisions"}],"predecessor-version":[{"id":27698,"href":"https:\/\/www.saloanoticias.com\/v1\/wp-json\/wp\/v2\/posts\/27689\/revisions\/27698"}],"wp:featuredmedia":[{"embeddable":true,"href":"https:\/\/www.saloanoticias.com\/v1\/wp-json\/wp\/v2\/media\/27691"}],"wp:attachment":[{"href":"https:\/\/www.saloanoticias.com\/v1\/wp-json\/wp\/v2\/media?parent=27689"}],"wp:term":[{"taxonomy":"category","embeddable":true,"href":"https:\/\/www.saloanoticias.com\/v1\/wp-json\/wp\/v2\/categories?post=27689"},{"taxonomy":"post_tag","embeddable":true,"href":"https:\/\/www.saloanoticias.com\/v1\/wp-json\/wp\/v2\/tags?post=27689"}],"curies":[{"name":"wp","href":"https:\/\/api.w.org\/{rel}","templated":true}]}}