{"id":27654,"date":"2025-02-12T09:28:15","date_gmt":"2025-02-12T12:28:15","guid":{"rendered":"https:\/\/www.saloanoticias.com\/v1\/?p=27654"},"modified":"2025-02-12T10:33:09","modified_gmt":"2025-02-12T13:33:09","slug":"raquel-lyra-diz-requalificacao-da-pista-que-liga-o-alto-da-serra-a-saloa-comeca-dia-17-de-fevereiro","status":"publish","type":"post","link":"https:\/\/www.saloanoticias.com\/v1\/raquel-lyra-diz-requalificacao-da-pista-que-liga-o-alto-da-serra-a-saloa-comeca-dia-17-de-fevereiro\/","title":{"rendered":"Raquel Lyra diz que requalifica\u00e7\u00e3o da pista entre Alto da Serra e Salo\u00e1 come\u00e7a dia 17 de fevereiro"},"content":{"rendered":"\n<p>A governadora Raquel Lyra (PSDB) recebeu o prefeito J\u00fanior de Rivaldo (PSDB) no escrit\u00f3rio do Governo do Estado instalado no sal\u00e3o de eventos Ulysses Guimar\u00e3es em Bras\u00edlia, e na oportunidade gravou um v\u00eddeo informando o in\u00edcio das obras do recapeamento asf\u00e1ltico da entrada de Salo\u00e1, no trecho que compreende o posto Alto da Serra e a sede do Munic\u00edpio, obra bastante esperada pela popula\u00e7\u00e3o.<\/p>\n\n\n\n<p>Segundo ela (Raquel) as obras ter\u00e3o in\u00edcio na pr\u00f3xima segunda-feira, dia 17 de fevereiro. Ainda no v\u00eddeo, Raquel Lyra informou que est\u00e1 destinando mais um \u00f4nibus escolar para os alunos da rede municipal de ensino.<\/p>\n\n\n\n<p><strong>ENTREGA DE \u00d4NIBUS ESCOLARES:<\/strong> A governadora Raquel Lyra cumpre expediente, nesta ter\u00e7a-feira (11), no escrit\u00f3rio do Governo do Estado, em Bras\u00edlia, onde recebe prefeitos e prefeitas de diversas regi\u00f5es de Pernambuco. A chefe do Executivo refor\u00e7ou o compromisso da gest\u00e3o estadual para apoiar os munic\u00edpios que buscam articula\u00e7\u00e3o na capital federal com a Uni\u00e3o e o Congresso Nacional.<\/p>\n\n\n<div class=\"wp-block-image\">\n<figure class=\"aligncenter size-large\"><img loading=\"lazy\" decoding=\"async\" width=\"1024\" height=\"576\" src=\"https:\/\/www.saloanoticias.com\/v1\/wp-content\/uploads\/2025\/02\/Fotos-Divulgacao-1-1024x576.jpeg\" alt=\"\" class=\"wp-image-27657\" srcset=\"https:\/\/www.saloanoticias.com\/v1\/wp-content\/uploads\/2025\/02\/Fotos-Divulgacao-1-1024x576.jpeg 1024w, https:\/\/www.saloanoticias.com\/v1\/wp-content\/uploads\/2025\/02\/Fotos-Divulgacao-1-300x169.jpeg 300w, https:\/\/www.saloanoticias.com\/v1\/wp-content\/uploads\/2025\/02\/Fotos-Divulgacao-1-768x432.jpeg 768w, https:\/\/www.saloanoticias.com\/v1\/wp-content\/uploads\/2025\/02\/Fotos-Divulgacao-1-1536x864.jpeg 1536w, https:\/\/www.saloanoticias.com\/v1\/wp-content\/uploads\/2025\/02\/Fotos-Divulgacao-1.jpeg 1600w\" sizes=\"auto, (max-width: 1024px) 100vw, 1024px\" \/><\/figure>\n<\/div>\n\n\n<p>A gestora aproveitou para anunciar que um novo lote de \u00f4nibus escolares ser\u00e1 entregue para os 184 munic\u00edpios pernambucanos.&nbsp;At\u00e9 a tarde, j\u00e1 foram mais de 50 prefeitos recebidos. \u201cNosso escrit\u00f3rio \u00e9 um local para ajudar os prefeitos em Bras\u00edlia que est\u00e3o em busca de investimentos e de boas a\u00e7\u00f5es para as cidades do nosso estado. Essa estrutura est\u00e1 dispon\u00edvel todos os dias e \u00e9 um bra\u00e7o da nossa Casa Civil.<\/p>\n\n\n\n<p>E para completar, comunicamos aos prefeitos que cada munic\u00edpio receber\u00e1 um novo \u00f4nibus escolar nos pr\u00f3ximos dias\u201d, ressaltou a governadora Raquel Lyra, ao destacar que em dois anos foram entregues 820 ve\u00edculos escolares, sendo 785 \u00f4nibus e 35 vans.<\/p>\n\n\n\n<p>\u201cO \u00f4nibus escolar vai chegar no momento certo ao nosso munic\u00edpio porque tivemos um aumento significativo na demanda de alunos que se deslocam para outras cidades\u201d, frisou o prefeito de Brej\u00e3o, Saulo Maruim. &#8220;Em breve, teremos nova creche e j\u00e1 temos a not\u00edcia de novos \u00f4nibus. O Governo do Estado tem contribu\u00eddo muito pelo nosso munic\u00edpio&#8221;, afirmou a prefeita de Cort\u00eas, F\u00e1tima Borba.<\/p>\n\n\n\n<p><strong>APOIO<\/strong> &#8211; O escrit\u00f3rio de Pernambuco em Bras\u00edlia oferece aos munic\u00edpios apoio log\u00edstico, aux\u00edlio para realiza\u00e7\u00e3o de agendas com parlamentares e acompanhamento para representa\u00e7\u00f5es em minist\u00e9rios do governo federal.<\/p>\n\n\n\n<p>\u201cApresentamos nossa representa\u00e7\u00e3o em Bras\u00edlia aos novos prefeitos e garantimos suporte e apoio t\u00e9cnico aos gestores\u201d, afirmou o secret\u00e1rio da Casa Civil, T\u00falio Vila\u00e7a. J\u00e1 o assessor especial, Erick Lisboa, respons\u00e1vel pelo escrit\u00f3rio, detalhou para os gestores municipais os servi\u00e7os oferecidos pelo espa\u00e7o.<br><\/p>\n\n\n\n<p>Os secret\u00e1rios Simone Nunes (Desenvolvimento Urbano e Habita\u00e7\u00e3o), Jo\u00e3o Salles (Assessoria Especial e Rela\u00e7\u00f5es Internacionais &#8211; em exerc\u00edcio), Jos\u00e9 Pereira (executivo de Articula\u00e7\u00e3o e Acompanhamento), Igor Cadena (executivo de Rela\u00e7\u00f5es Institucionais) e Daniella Brito (executiva de Imprensa) tamb\u00e9m participaram da agenda. <em>Foto: Divulga\u00e7\u00e3o<\/em><\/p>\n<div style=\"margin-top: 0px; margin-bottom: 0px;\" class=\"sharethis-inline-share-buttons\" ><\/div>","protected":false},"excerpt":{"rendered":"<p>A governadora Raquel Lyra (PSDB) recebeu o prefeito J\u00fanior de Rivaldo (PSDB) no escrit\u00f3rio do Governo do Estado instalado no sal\u00e3o de eventos Ulysses Guimar\u00e3es em Bras\u00edlia, e na oportunidade gravou um v\u00eddeo informando o in\u00edcio das obras do recapeamento asf\u00e1ltico da entrada de Salo\u00e1, no trecho que compreende o posto Alto da Serra e [&hellip;]<\/p>\n","protected":false},"author":1,"featured_media":27659,"comment_status":"closed","ping_status":"closed","sticky":false,"template":"","format":"standard","meta":{"footnotes":""},"categories":[21],"tags":[22],"class_list":["post-27654","post","type-post","status-publish","format-standard","has-post-thumbnail","hentry","category-cidade","tag-destaques"],"_links":{"self":[{"href":"https:\/\/www.saloanoticias.com\/v1\/wp-json\/wp\/v2\/posts\/27654","targetHints":{"allow":["GET"]}}],"collection":[{"href":"https:\/\/www.saloanoticias.com\/v1\/wp-json\/wp\/v2\/posts"}],"about":[{"href":"https:\/\/www.saloanoticias.com\/v1\/wp-json\/wp\/v2\/types\/post"}],"author":[{"embeddable":true,"href":"https:\/\/www.saloanoticias.com\/v1\/wp-json\/wp\/v2\/users\/1"}],"replies":[{"embeddable":true,"href":"https:\/\/www.saloanoticias.com\/v1\/wp-json\/wp\/v2\/comments?post=27654"}],"version-history":[{"count":4,"href":"https:\/\/www.saloanoticias.com\/v1\/wp-json\/wp\/v2\/posts\/27654\/revisions"}],"predecessor-version":[{"id":27662,"href":"https:\/\/www.saloanoticias.com\/v1\/wp-json\/wp\/v2\/posts\/27654\/revisions\/27662"}],"wp:featuredmedia":[{"embeddable":true,"href":"https:\/\/www.saloanoticias.com\/v1\/wp-json\/wp\/v2\/media\/27659"}],"wp:attachment":[{"href":"https:\/\/www.saloanoticias.com\/v1\/wp-json\/wp\/v2\/media?parent=27654"}],"wp:term":[{"taxonomy":"category","embeddable":true,"href":"https:\/\/www.saloanoticias.com\/v1\/wp-json\/wp\/v2\/categories?post=27654"},{"taxonomy":"post_tag","embeddable":true,"href":"https:\/\/www.saloanoticias.com\/v1\/wp-json\/wp\/v2\/tags?post=27654"}],"curies":[{"name":"wp","href":"https:\/\/api.w.org\/{rel}","templated":true}]}}