{"id":27651,"date":"2025-02-11T22:23:45","date_gmt":"2025-02-12T01:23:45","guid":{"rendered":"https:\/\/www.saloanoticias.com\/v1\/?p=27651"},"modified":"2025-02-11T22:33:14","modified_gmt":"2025-02-12T01:33:14","slug":"aniversariantes-da-semana-airton-maciel-sergio-franca-e-tisleyzinho","status":"publish","type":"post","link":"https:\/\/www.saloanoticias.com\/v1\/aniversariantes-da-semana-airton-maciel-sergio-franca-e-tisleyzinho\/","title":{"rendered":"Aniversariantes da semana: Airton Maciel, S\u00e9rgio Fran\u00e7a e Tisleyzinho"},"content":{"rendered":"\n<p>Essa semana est\u00e1 sendo de muitas comemora\u00e7\u00f5es e festas pela passagem do anivers\u00e1rio de tr\u00eas pessoas bastantes queridas e conhecidas na cidade de Salo\u00e1\/PE. N\u00e3o foram poucos os parab\u00e9ns dispensados ao secret\u00e1rio Airton Maciel, ao Controlador do Munic\u00edpio, S\u00e9rgio Fran\u00e7a, e ao vereador Tisleyzinho, todos que completam mais um ano de vida durante este semana.<\/p>\n\n\n\n<p>Nas redes sociais, todos eles receberam o carinho dos parentes e amigos. Aproveitamos a oportunidade para registra aqui essa lembran\u00e7a e desejar aos tr\u00eas muitas felicidades com sa\u00fade e paz e que esta data se repita por muitos e muitos anos. Estes s\u00e3o os votos de todos os que fazem o Blog Salo\u00e1 Not\u00edcias e dos familiares e amigos.<\/p>\n<div style=\"margin-top: 0px; margin-bottom: 0px;\" class=\"sharethis-inline-share-buttons\" ><\/div>","protected":false},"excerpt":{"rendered":"<p>Essa semana est\u00e1 sendo de muitas comemora\u00e7\u00f5es e festas pela passagem do anivers\u00e1rio de tr\u00eas pessoas bastantes queridas e conhecidas na cidade de Salo\u00e1\/PE. N\u00e3o foram poucos os parab\u00e9ns dispensados ao secret\u00e1rio Airton Maciel, ao Controlador do Munic\u00edpio, S\u00e9rgio Fran\u00e7a, e ao vereador Tisleyzinho, todos que completam mais um ano de vida durante este semana. [&hellip;]<\/p>\n","protected":false},"author":1,"featured_media":27653,"comment_status":"closed","ping_status":"closed","sticky":false,"template":"","format":"standard","meta":{"footnotes":""},"categories":[21],"tags":[22],"class_list":["post-27651","post","type-post","status-publish","format-standard","has-post-thumbnail","hentry","category-cidade","tag-destaques"],"_links":{"self":[{"href":"https:\/\/www.saloanoticias.com\/v1\/wp-json\/wp\/v2\/posts\/27651","targetHints":{"allow":["GET"]}}],"collection":[{"href":"https:\/\/www.saloanoticias.com\/v1\/wp-json\/wp\/v2\/posts"}],"about":[{"href":"https:\/\/www.saloanoticias.com\/v1\/wp-json\/wp\/v2\/types\/post"}],"author":[{"embeddable":true,"href":"https:\/\/www.saloanoticias.com\/v1\/wp-json\/wp\/v2\/users\/1"}],"replies":[{"embeddable":true,"href":"https:\/\/www.saloanoticias.com\/v1\/wp-json\/wp\/v2\/comments?post=27651"}],"version-history":[{"count":1,"href":"https:\/\/www.saloanoticias.com\/v1\/wp-json\/wp\/v2\/posts\/27651\/revisions"}],"predecessor-version":[{"id":27652,"href":"https:\/\/www.saloanoticias.com\/v1\/wp-json\/wp\/v2\/posts\/27651\/revisions\/27652"}],"wp:featuredmedia":[{"embeddable":true,"href":"https:\/\/www.saloanoticias.com\/v1\/wp-json\/wp\/v2\/media\/27653"}],"wp:attachment":[{"href":"https:\/\/www.saloanoticias.com\/v1\/wp-json\/wp\/v2\/media?parent=27651"}],"wp:term":[{"taxonomy":"category","embeddable":true,"href":"https:\/\/www.saloanoticias.com\/v1\/wp-json\/wp\/v2\/categories?post=27651"},{"taxonomy":"post_tag","embeddable":true,"href":"https:\/\/www.saloanoticias.com\/v1\/wp-json\/wp\/v2\/tags?post=27651"}],"curies":[{"name":"wp","href":"https:\/\/api.w.org\/{rel}","templated":true}]}}